{"id":680,"date":"2020-09-23T15:09:19","date_gmt":"2020-09-23T13:09:19","guid":{"rendered":"https:\/\/cyclades.e-samson.org\/?p=680"},"modified":"2023-02-16T15:37:16","modified_gmt":"2023-02-16T14:37:16","slug":"le-basilic-dans-les-cyclades","status":"publish","type":"post","link":"https:\/\/cyclades.e-samson.org\/?p=680","title":{"rendered":"Le basilic dans les Cyclades"},"content":{"rendered":"\n<p>Dans les villages des Cyclades comme la Chora de Kythnos ou encore \u00e0 Parikii (Paros) et \u00e0 Kamar\u00e8s (Syfnos) nous avons vu beaucoup de plants de basilic : en jardini\u00e8re dans les restaurants, dans des pots devant les maisons, sur les terrasses, sur les balcons, dans les \u00e9glises et m\u00eame dans le cockpit de certains bateaux. Par contre il n&#8217;y en a pas dans les plats servis au restaurant.<\/p>\n\n\n\n<figure class=\"wp-block-image size-large\"><img loading=\"lazy\" decoding=\"async\" width=\"1024\" height=\"768\" src=\"https:\/\/cyclades.e-samson.org\/wp-content\/uploads\/2020\/09\/IMG_0417-1024x768.jpg\" alt=\"\" class=\"wp-image-701\" srcset=\"https:\/\/cyclades.e-samson.org\/wp-content\/uploads\/2020\/09\/IMG_0417-1024x768.jpg 1024w, https:\/\/cyclades.e-samson.org\/wp-content\/uploads\/2020\/09\/IMG_0417-300x225.jpg 300w, https:\/\/cyclades.e-samson.org\/wp-content\/uploads\/2020\/09\/IMG_0417-768x576.jpg 768w, https:\/\/cyclades.e-samson.org\/wp-content\/uploads\/2020\/09\/IMG_0417.jpg 1109w\" sizes=\"auto, (max-width: 1024px) 100vw, 1024px\" \/><\/figure>\n\n\n\n<p>En effet le basilic ici est une plante porte-bonheur qui s&#8217;offre comme un bouquet de fleur ou comme une plante en pot. C&#8217;est un cadeau appr\u00e9ci\u00e9 quand on est invit\u00e9. Nous avons vu une femme en d\u00e9poser \u00e0 l&#8217;\u00e9glise comme on allume parfois un cierge.<\/p>\n\n\n\n<p>Il est certainement appr\u00e9ci\u00e9 et cultiv\u00e9 aussi pour son aspect r\u00e9pulsif contre les moustiques. En effet il semblerait efficace en bouquet dans un vase ou en pot devant les fen\u00eatres (sans faire de miracles) comme les g\u00e9raniums, la lavande, les oeillets, la citronnelle et l&#8217;herbe \u00e0 chats.<\/p>\n\n\n\n<p>Si chez nous (au Luxembourg et en France) le basilic est une plante annuelle qui se fane et meurt en automne, il semblerait qu&#8217;en Gr\u00e8ce au moins dans les \u00eeles, sous le climat m\u00e9dit\u00e9rann\u00e9en, il est vivace comme dans les pays tropicaux comme en Tha\u00eflande. D&#8217;ailleurs le plus souvent dans les grandes pot\u00e9es il s&#8217;agit de basilic \u00e0 petites feuilles comme nous avions vu en Tha\u00eflande.<\/p>\n\n\n\n<figure class=\"wp-block-image size-large\"><img loading=\"lazy\" decoding=\"async\" width=\"768\" height=\"1024\" src=\"https:\/\/cyclades.e-samson.org\/wp-content\/uploads\/2020\/09\/426c6a2a-768a-47f0-8bac-77680d2bf057-768x1024.jpg\" alt=\"\" class=\"wp-image-762\" srcset=\"https:\/\/cyclades.e-samson.org\/wp-content\/uploads\/2020\/09\/426c6a2a-768a-47f0-8bac-77680d2bf057-768x1024.jpg 768w, https:\/\/cyclades.e-samson.org\/wp-content\/uploads\/2020\/09\/426c6a2a-768a-47f0-8bac-77680d2bf057-225x300.jpg 225w, https:\/\/cyclades.e-samson.org\/wp-content\/uploads\/2020\/09\/426c6a2a-768a-47f0-8bac-77680d2bf057-1152x1536.jpg 1152w, https:\/\/cyclades.e-samson.org\/wp-content\/uploads\/2020\/09\/426c6a2a-768a-47f0-8bac-77680d2bf057.jpg 1200w\" sizes=\"auto, (max-width: 768px) 100vw, 768px\" \/><\/figure>\n","protected":false},"excerpt":{"rendered":"<p>Dans les villages des Cyclades comme la Chora de Kythnos ou encore \u00e0 Parikii (Paros) et \u00e0 Kamar\u00e8s (Syfnos) nous avons vu beaucoup de plants de basilic : en jardini\u00e8re dans les restaurants, dans des &hellip; <\/p>\n","protected":false},"author":1,"featured_media":703,"comment_status":"open","ping_status":"open","sticky":false,"template":"","format":"standard","meta":{"_s2mail":"yes","_jetpack_memberships_contains_paid_content":false,"footnotes":"","jetpack_publicize_message":"","jetpack_publicize_feature_enabled":true,"jetpack_social_post_already_shared":false,"jetpack_social_options":{"image_generator_settings":{"template":"highway","default_image_id":0,"font":"","enabled":false},"version":2}},"categories":[38,1],"tags":[14,17],"class_list":["post-680","post","type-post","status-publish","format-standard","has-post-thumbnail","hentry","category-2020-cyclades-en-voilier","category-voyages","tag-anne-laure","tag-decouverte"],"geo":null,"jetpack_publicize_connections":[],"jetpack_featured_media_url":"https:\/\/cyclades.e-samson.org\/wp-content\/uploads\/2020\/09\/IMG_0416.jpg","jetpack_sharing_enabled":true,"_links":{"self":[{"href":"https:\/\/cyclades.e-samson.org\/index.php?rest_route=\/wp\/v2\/posts\/680","targetHints":{"allow":["GET"]}}],"collection":[{"href":"https:\/\/cyclades.e-samson.org\/index.php?rest_route=\/wp\/v2\/posts"}],"about":[{"href":"https:\/\/cyclades.e-samson.org\/index.php?rest_route=\/wp\/v2\/types\/post"}],"author":[{"embeddable":true,"href":"https:\/\/cyclades.e-samson.org\/index.php?rest_route=\/wp\/v2\/users\/1"}],"replies":[{"embeddable":true,"href":"https:\/\/cyclades.e-samson.org\/index.php?rest_route=%2Fwp%2Fv2%2Fcomments&post=680"}],"version-history":[{"count":3,"href":"https:\/\/cyclades.e-samson.org\/index.php?rest_route=\/wp\/v2\/posts\/680\/revisions"}],"predecessor-version":[{"id":919,"href":"https:\/\/cyclades.e-samson.org\/index.php?rest_route=\/wp\/v2\/posts\/680\/revisions\/919"}],"wp:featuredmedia":[{"embeddable":true,"href":"https:\/\/cyclades.e-samson.org\/index.php?rest_route=\/wp\/v2\/media\/703"}],"wp:attachment":[{"href":"https:\/\/cyclades.e-samson.org\/index.php?rest_route=%2Fwp%2Fv2%2Fmedia&parent=680"}],"wp:term":[{"taxonomy":"category","embeddable":true,"href":"https:\/\/cyclades.e-samson.org\/index.php?rest_route=%2Fwp%2Fv2%2Fcategories&post=680"},{"taxonomy":"post_tag","embeddable":true,"href":"https:\/\/cyclades.e-samson.org\/index.php?rest_route=%2Fwp%2Fv2%2Ftags&post=680"}],"curies":[{"name":"wp","href":"https:\/\/api.w.org\/{rel}","templated":true}]}}