{"id":396,"date":"2020-09-17T16:31:21","date_gmt":"2020-09-17T14:31:21","guid":{"rendered":"http:\/\/cyclades.e-samson.org\/?p=396"},"modified":"2023-02-16T16:30:54","modified_gmt":"2023-02-16T15:30:54","slug":"jour-13-en-mer-en-solitaire-par-jerome","status":"publish","type":"post","link":"https:\/\/cyclades.e-samson.org\/?p=396","title":{"rendered":"Jour 13 &#8211; En mer en solitaire, par J\u00e9r\u00f4me"},"content":{"rendered":"\n<p>Kalimera !<\/p>\n\n\n\n<p><strong>Le d\u00e9part de Kamares, Sifnos<\/strong><\/p>\n\n\n\n<p>Journ\u00e9e tr\u00e8s particuli\u00e8re aujourd\u2019hui pour notre \u00e9quipage ! Comme nous l\u2019avions planifi\u00e9 hier apr\u00e8s midi, j\u2019ai pris la mer ce matin en solitaire sur notre voilier, tandis qu\u2019Anne-Laure et les 4 mousses prennent le ferry (en fait un catamaran rapide \u00e0 moteur) de 16.05. Nous nous retrouverons \u00e0 la marina de notre point de d\u00e9part, Alimos \u00e0 Ath\u00e8nes en fin de journ\u00e9e.<\/p>\n\n\n\n<figure class=\"wp-block-image size-large\"><img loading=\"lazy\" decoding=\"async\" width=\"768\" height=\"1024\" src=\"http:\/\/cyclades.e-samson.org\/wp-content\/uploads\/2020\/09\/89EAED25-E47F-4822-9CF6-47DCB5FBC426-768x1024.jpeg\" alt=\"\" class=\"wp-image-403\" srcset=\"https:\/\/cyclades.e-samson.org\/wp-content\/uploads\/2020\/09\/89EAED25-E47F-4822-9CF6-47DCB5FBC426-768x1024.jpeg 768w, https:\/\/cyclades.e-samson.org\/wp-content\/uploads\/2020\/09\/89EAED25-E47F-4822-9CF6-47DCB5FBC426-225x300.jpeg 225w, https:\/\/cyclades.e-samson.org\/wp-content\/uploads\/2020\/09\/89EAED25-E47F-4822-9CF6-47DCB5FBC426-1152x1536.jpeg 1152w, https:\/\/cyclades.e-samson.org\/wp-content\/uploads\/2020\/09\/89EAED25-E47F-4822-9CF6-47DCB5FBC426.jpeg 1200w\" sizes=\"auto, (max-width: 768px) 100vw, 768px\" \/><figcaption>Le d\u00e9part du quai<\/figcaption><\/figure>\n\n\n\n<p>Nous avions pr\u00e9vu initialement que je parte vers 6h, et finalement, voyant qu\u2019il faisait encore nuit noire \u00e0 05.45, nous avons remis le r\u00e9veil un peu plus tard, et je suis finalement parti vers 07.10. Ce n\u2019est pas tellement que ce soit probl\u00e9matique de naviguer de nuit, m\u00eame en solitaire, mais la sortie de la baie de Kameres, avec possiblement des bou\u00e9es de p\u00eacheurs, n\u2019\u00e9tait pas engageante par nuit noire (pas de lune).&nbsp;<\/p>\n\n\n\n<p>J\u2019ai (enfin <em>le guindeau a<\/em>) remont\u00e9 le mouillage sans trop de probl\u00e8me &#8211; il m\u2019a quand m\u00eame fallu sortir le marteau pour d\u00e9bloquer un maillon de la cha\u00eene bloqu\u00e9 dans le davier pivotant (encore une invention dont je ne suis pas s\u00fbr de comprendre l&#8217;int\u00e9r\u00eat)\u2026 et je suis sorti de la baie au moteur. Beau temps, mer calme et vent tr\u00e8s faible : je r\u00e8gle le r\u00e9gime du moteur \u00e0 environ 1.900 tours\/min, ce qui m\u2019am\u00e8ne \u00e0 une vitesse de croisi\u00e8re de 6.5 noeuds. J\u2019ai environ 65-70milles \u00e0 faire jusqu\u2019\u00e0 Alimos, cela devrait me permettre d\u2019y arriver de jour et \u00e0 peu pr\u00e8s en m\u00eame temps que le reste de la famille (ferry + taxi).<\/p>\n\n\n\n<p>J\u2019\u00e9tablis ensuite les voiles pour gagner un peu de vitesse suppl\u00e9mentaire, et le vent se l\u00e8ve gentiment au fur et \u00e0 mesure que je me d\u00e9gage de Sifnos, NNE 10 \u00e0 12 nds.&nbsp;<\/p>\n\n\n\n<p>Je mets le cap au 310 (NW) sur la pointe sud ouest de Serifos, qui est quasiment mon seul obstacte sur la route directe vers Alimos.&nbsp;<\/p>\n\n\n\n<p>Arriv\u00e9 \u00e0 la pointe de Serifos, je loffe l\u00e9g\u00e8rement jusqu\u2019au 325 pour faire route sur le continent. J\u2019aper\u00e7ois rapidement Kythnos et Kea que je laisserai \u00e0 mon nord \u00e0 tribord et l\u2019\u00eelot couvert d\u2019\u00e9oliennes (on dirait une p\u00e9pini\u00e8re d\u2019\u00e9oliennes) au sud de Kea, que je laisserai \u00e0 babord.<\/p>\n\n\n\n<figure class=\"wp-block-image size-large\"><img loading=\"lazy\" decoding=\"async\" width=\"1024\" height=\"576\" src=\"http:\/\/cyclades.e-samson.org\/wp-content\/uploads\/2020\/09\/CF33D5F4-811F-47E3-B208-9D1283FE5C31-1024x576.jpeg\" alt=\"\" class=\"wp-image-407\" srcset=\"https:\/\/cyclades.e-samson.org\/wp-content\/uploads\/2020\/09\/CF33D5F4-811F-47E3-B208-9D1283FE5C31-1024x576.jpeg 1024w, https:\/\/cyclades.e-samson.org\/wp-content\/uploads\/2020\/09\/CF33D5F4-811F-47E3-B208-9D1283FE5C31-300x169.jpeg 300w, https:\/\/cyclades.e-samson.org\/wp-content\/uploads\/2020\/09\/CF33D5F4-811F-47E3-B208-9D1283FE5C31-768x432.jpeg 768w, https:\/\/cyclades.e-samson.org\/wp-content\/uploads\/2020\/09\/CF33D5F4-811F-47E3-B208-9D1283FE5C31-1536x864.jpeg 1536w, https:\/\/cyclades.e-samson.org\/wp-content\/uploads\/2020\/09\/CF33D5F4-811F-47E3-B208-9D1283FE5C31-2048x1152.jpeg 2048w\" sizes=\"auto, (max-width: 1024px) 100vw, 1024px\" \/><figcaption>La p\u00e9pini\u00e8re d&#8217;\u00e9oliennes<\/figcaption><\/figure>\n\n\n\n<p>Apr\u00e8s cette introduction &#8220;journal de bord&#8221;, \u00e0 la faveur de cette journ\u00e9e &#8220;seul \u00e0 bord&#8221;, je vous livre quelques r\u00e9flexions&#8230;<\/p>\n\n\n\n<p><strong>Qu\u2019est-ce que \u00e7a me fait d\u2019\u00eatre seul \u00e0 bord ?<\/strong><\/p>\n\n\n\n<p>J\u2019ai fait mes premi\u00e8res vraies navigations en solitaire en 2008 quand j\u2019ai commenc\u00e9 \u00e0 naviguer en Mini 6.50, et ma premi\u00e8re r\u00e9gate en solo en Mini a \u00e9t\u00e9 la Select 6.50 : 200 milles en Bretagne \u00e0 tourner les \u00eeles dans tous les sens de jour et de nuit. J\u2019ai ensuite fait le d\u00e9but d\u2019une qualif qui m\u2019a emmen\u00e9, toujours en Mini, en partant de Douarnenez, virer une bou\u00e9e en Irlande et redescendre jusqu\u2019\u00e0 Concarneau, dans des endroits compliqu\u00e9s m\u00eame si la m\u00e9t\u00e9o bonne. Je ne suis donc pas inquiet du tout \u00e0 l\u2019id\u00e9e de faire 70 milles en solo sur Penelope, que je commence \u00e0 avoir bien en main apr\u00e8s presque 2 semaines \u00e0 bord : je sais que le pilote est fiable, et c\u2019est un bon voilier !<\/p>\n\n\n\n<p>Mon \u00e9tat d\u2019esprit aujourd\u2019hui est donc tout \u00e0 fait serein &#8211; m\u00eame si je ne suis pas un expert de la M\u00e9diterran\u00e9e, la m\u00e9t\u00e9o a l\u2019air claire depuis plusieurs jours et nous annonce du beau temps, avec un vent tournant progressivement NNE puis NE, et peut \u00eatre m\u00eame un peu SE en fin de journ\u00e9e, soit de plus en plus portant, ce qui est toujours bon ! Et en \u00e9crivant ces lignes \u00e0 14.30, \u00e0 l\u2019approche du Cap Sounion, \u00e7a se confirme. Je suis maintenant franchement au travers, sur le cap, \u00e0 6.5-7 nds sous g\u00e9nois enti\u00e8rement d\u00e9roul\u00e9 et grand voile au premier ris, par 12 \u00e0 15 nds de vent.<\/p>\n\n\n\n<p><strong>Comment s\u2019occuper ? Est-ce qu\u2019on s\u2019ennuie ?<\/strong><\/p>\n\n\n\n<p>Honn\u00eatement, en solo, on ne s&#8217;ennuie pas, mais il faut passer dans un mode diff\u00e9rent, plus contemplatif. Aujourd&#8217;hui, j&#8217;ai essentiellement : assur\u00e9 la veille et la navigation, r\u00e9gl\u00e9 les voiles au fur et \u00e0 mesure que le vent a tourn\u00e9, \u00e9cout\u00e9 de la musique, pass\u00e9 quelques coups de fils, pr\u00e9par\u00e9 \u00e0 manger et mang\u00e9&#8230; et \u00e9crit cet article de blog. Dans d&#8217;autres conditions, on peut avoir \u00e0 barrer de longues heures, \u00e0 changer les voiles, \u00eatre hors de port\u00e9e de t\u00e9l\u00e9phone, avoir \u00e0 bricoler \/ r\u00e9parer, et surtout se reposer, quand on doit passer plus d&#8217;une dizaine d&#8217;heures d&#8217;affil\u00e9e en mer. Si on doit passer une nuit enti\u00e8re en mer en solo, il devient imp\u00e9ratif de se reposer \/ dormir, et \u00e7a devient le principal challenge &#8211; mais pour aujourd&#8217;hui, je sais que ce soir nous serons \u00e0 la marina, \u00e0 l&#8217;abri, et donc il n&#8217;est pas utile que je fasse une sieste &#8211; il vaut mieux que je reste vigilant en permanence.<\/p>\n\n\n\n<figure class=\"wp-block-image size-large\"><img loading=\"lazy\" decoding=\"async\" width=\"768\" height=\"1024\" src=\"http:\/\/cyclades.e-samson.org\/wp-content\/uploads\/2020\/09\/4483881E-D684-4F99-BC27-D5A3456592BB-768x1024.jpeg\" alt=\"\" class=\"wp-image-409\" srcset=\"https:\/\/cyclades.e-samson.org\/wp-content\/uploads\/2020\/09\/4483881E-D684-4F99-BC27-D5A3456592BB-768x1024.jpeg 768w, https:\/\/cyclades.e-samson.org\/wp-content\/uploads\/2020\/09\/4483881E-D684-4F99-BC27-D5A3456592BB-225x300.jpeg 225w, https:\/\/cyclades.e-samson.org\/wp-content\/uploads\/2020\/09\/4483881E-D684-4F99-BC27-D5A3456592BB-1152x1536.jpeg 1152w, https:\/\/cyclades.e-samson.org\/wp-content\/uploads\/2020\/09\/4483881E-D684-4F99-BC27-D5A3456592BB-1536x2048.jpeg 1536w, https:\/\/cyclades.e-samson.org\/wp-content\/uploads\/2020\/09\/4483881E-D684-4F99-BC27-D5A3456592BB-scaled.jpeg 1920w\" sizes=\"auto, (max-width: 768px) 100vw, 768px\" \/><figcaption>Dommage que je n&#8217;aie pas de grille pain, \u00e7a aurait \u00e9t\u00e9 encore meilleur !<\/figcaption><\/figure>\n\n\n\n<p><strong>Est-ce plus ou moins stressant que d\u2019\u00eatre \u00e0 plusieurs ?<\/strong><\/p>\n\n\n\n<p>En fait, en tant que skipper, particuli\u00e8rement avec des \u00e9quipiers qui ne ma\u00eetrisent pas la navigation (enfants ou d\u00e9butants en voile notamment), je ressens toujours une responsabilit\u00e9 enti\u00e8re de la s\u00e9curit\u00e9 de l\u2019\u00e9quipage. Je ressens cette responsabilit\u00e9 \u00e0 la fois comme une charge, mais aussi comme une source de satisfaction : j\u2019aime emmener un \u00e9quipage en mer, leur donner l\u2019occasion de ressentir la beaut\u00e9 de l\u2019oc\u00e9an.<\/p>\n\n\n\n<p>\u00catre seul en mer c\u2019est un peu \u00e9go\u00efste : le plaisir d\u2019\u00eatre en mer est d\u00e9cupl\u00e9 quand il est partag\u00e9. Et en mer comme dans d\u2019autres territoires \u201chostiles\u201d, le plaisir d\u2019y \u00eatre vient souvent aussi du fait qu\u2019il est associ\u00e9 \u00e0 une certaine difficult\u00e9, un certain inconfort. Apr\u00e8s l\u2019ascension d\u2019un col en randonn\u00e9e (nous en avons fait 2 ou 3 au mois de juillet autour de Samoens), la d\u00e9couverte d\u2019un panorama \u00e0 couper le souffle fait instantan\u00e9ment oublier la fatigue du chemin.<\/p>\n\n\n\n<p><strong>J\u2019ai besoin de mer ! Mais dois-je \u201cimposer\u201d \u00e7a \u00e0 mes proches ? <\/strong><\/p>\n\n\n\n<p>A ces questions, je n&#8217;ai pas une r\u00e9ponse 100% claire. Mais nous essayons dans notre mani\u00e8re de naviguer de minimiser l&#8217;inconfort et la dur\u00e9e des navigations, pour que les aspects positifs (vie de famille, visite de sites exceptionnels et difficiles d&#8217;acc\u00e8s par d&#8217;autres moyens, baignade et plage) compensent largement. D&#8217;apr\u00e8s ce que vous pouvez lire dans d&#8217;autres articles de ce blog, il semble que cela marche bien. Et la seule grosse nav que nous devions avoir \u00e0 faire (et qui aurait pu devenir vraiment trop longue pour la patience de nos enfants &#8211; et de leurs parents), nous l&#8217;avons r\u00e9solue en la faisant en ferry + solitaire.<\/p>\n\n\n\n<figure class=\"wp-block-image size-large\"><img loading=\"lazy\" decoding=\"async\" width=\"1024\" height=\"768\" src=\"http:\/\/cyclades.e-samson.org\/wp-content\/uploads\/2020\/09\/9BF030F6-AF7C-4FAA-BB3E-370BAEB14E57-1024x768.jpeg\" alt=\"\" class=\"wp-image-408\" srcset=\"https:\/\/cyclades.e-samson.org\/wp-content\/uploads\/2020\/09\/9BF030F6-AF7C-4FAA-BB3E-370BAEB14E57-1024x768.jpeg 1024w, https:\/\/cyclades.e-samson.org\/wp-content\/uploads\/2020\/09\/9BF030F6-AF7C-4FAA-BB3E-370BAEB14E57-300x225.jpeg 300w, https:\/\/cyclades.e-samson.org\/wp-content\/uploads\/2020\/09\/9BF030F6-AF7C-4FAA-BB3E-370BAEB14E57-768x576.jpeg 768w, https:\/\/cyclades.e-samson.org\/wp-content\/uploads\/2020\/09\/9BF030F6-AF7C-4FAA-BB3E-370BAEB14E57-1536x1152.jpeg 1536w, https:\/\/cyclades.e-samson.org\/wp-content\/uploads\/2020\/09\/9BF030F6-AF7C-4FAA-BB3E-370BAEB14E57-2048x1536.jpeg 2048w\" sizes=\"auto, (max-width: 1024px) 100vw, 1024px\" \/><figcaption>Celui l\u00e0 \u00e9tait gros !<\/figcaption><\/figure>\n\n\n\n<p><strong>Qu\u2019est-ce que \u00e7a peut apporter \u00e0 nos enfants d\u2019\u00eatre \u00e0 bord d\u2019un voilier comme le n\u00f4tre ?<\/strong><\/p>\n\n\n\n<p>Je me pose vraiment cette question, parce qu&#8217;\u00e9tant donn\u00e9 qu&#8217;ils ne peuvent pas vraiment prendre part aux manoeuvres qui sont trop physiques, et que tr\u00e8s souvent, ils ont pr\u00e9f\u00e9r\u00e9 rester \u00e0 l&#8217;int\u00e9rieur \u00e0 jouer\/lire plut\u00f4t que d&#8217;\u00eatre dehors (notamment parce que c&#8217;\u00e9tait souvent trop impressionnant du fait des vagues), ils manquent une partie de ce qui fait pour moi l&#8217;attrait de la voile. <\/p>\n\n\n\n<p>A l&#8217;inverse, nous essayons de leur faire r\u00e9aliser les avantages de ce mode de d\u00e9placement, qui nous permet &#8211; particuli\u00e8rement en Gr\u00e8ce &#8211; d&#8217;\u00eatre au plus pr\u00e8s de la communaut\u00e9 des marins, de la culture maritime. <\/p>\n\n\n\n<p>Je garde pour un autre article la discussion sur la question : &#8220;quelle est la bonne taille pour un voilier pour apprendre \u00e0 naviguer \u00e0 des enfants&#8221;<\/p>\n\n\n\n<p>Allez, il faut que je commence \u00e0 me pr\u00e9parer pour l&#8217;arriv\u00e9e, je vais poster cet article apr\u00e8s y avoir ajout\u00e9 quelques photos ! <\/p>\n\n\n\n<figure class=\"wp-block-image size-large\"><img loading=\"lazy\" decoding=\"async\" width=\"1024\" height=\"768\" src=\"http:\/\/cyclades.e-samson.org\/wp-content\/uploads\/2020\/09\/3EB3374B-9EC8-4C6C-A866-15EA640F3F95-1024x768.jpeg\" alt=\"\" class=\"wp-image-410\" srcset=\"https:\/\/cyclades.e-samson.org\/wp-content\/uploads\/2020\/09\/3EB3374B-9EC8-4C6C-A866-15EA640F3F95-1024x768.jpeg 1024w, https:\/\/cyclades.e-samson.org\/wp-content\/uploads\/2020\/09\/3EB3374B-9EC8-4C6C-A866-15EA640F3F95-300x225.jpeg 300w, https:\/\/cyclades.e-samson.org\/wp-content\/uploads\/2020\/09\/3EB3374B-9EC8-4C6C-A866-15EA640F3F95-768x576.jpeg 768w, https:\/\/cyclades.e-samson.org\/wp-content\/uploads\/2020\/09\/3EB3374B-9EC8-4C6C-A866-15EA640F3F95-1536x1152.jpeg 1536w, https:\/\/cyclades.e-samson.org\/wp-content\/uploads\/2020\/09\/3EB3374B-9EC8-4C6C-A866-15EA640F3F95-2048x1536.jpeg 2048w\" sizes=\"auto, (max-width: 1024px) 100vw, 1024px\" \/><figcaption>Le golfe Saronique &#8211; le terrain de jeu de notre seconde quinzaine<\/figcaption><\/figure>\n\n\n\n<figure class=\"wp-block-image size-large\"><img loading=\"lazy\" decoding=\"async\" width=\"473\" height=\"1024\" src=\"http:\/\/cyclades.e-samson.org\/wp-content\/uploads\/2020\/09\/F023A069-518E-4826-9C9E-C23C7FAA713F-473x1024.png\" alt=\"\" class=\"wp-image-411\" srcset=\"https:\/\/cyclades.e-samson.org\/wp-content\/uploads\/2020\/09\/F023A069-518E-4826-9C9E-C23C7FAA713F-473x1024.png 473w, https:\/\/cyclades.e-samson.org\/wp-content\/uploads\/2020\/09\/F023A069-518E-4826-9C9E-C23C7FAA713F-139x300.png 139w, https:\/\/cyclades.e-samson.org\/wp-content\/uploads\/2020\/09\/F023A069-518E-4826-9C9E-C23C7FAA713F-768x1662.png 768w, https:\/\/cyclades.e-samson.org\/wp-content\/uploads\/2020\/09\/F023A069-518E-4826-9C9E-C23C7FAA713F-710x1536.png 710w, https:\/\/cyclades.e-samson.org\/wp-content\/uploads\/2020\/09\/F023A069-518E-4826-9C9E-C23C7FAA713F.png 828w\" sizes=\"auto, (max-width: 473px) 100vw, 473px\" \/><figcaption>Le &#8220;Medicane&#8221; \u00e0 l&#8217;ouest du P\u00e9lopon\u00e8se &#8211; on ne sait pas encore s&#8217;il va affecter l&#8217;est, o\u00f9 nous sommes&#8230; <\/figcaption><\/figure>\n\n\n\n<p>&#8220;Better safe than sorry&#8221;&#8230;<\/p>\n","protected":false},"excerpt":{"rendered":"<p>Kalimera ! Le d\u00e9part de Kamares, Sifnos Journ\u00e9e tr\u00e8s particuli\u00e8re aujourd\u2019hui pour notre \u00e9quipage ! Comme nous l\u2019avions planifi\u00e9 hier apr\u00e8s midi, j\u2019ai pris la mer ce matin en solitaire sur notre voilier, tandis qu\u2019Anne-Laure &hellip; <\/p>\n","protected":false},"author":1,"featured_media":404,"comment_status":"open","ping_status":"open","sticky":false,"template":"","format":"standard","meta":{"_s2mail":"yes","_jetpack_memberships_contains_paid_content":false,"footnotes":"","jetpack_publicize_message":"","jetpack_publicize_feature_enabled":true,"jetpack_social_post_already_shared":false,"jetpack_social_options":{"image_generator_settings":{"template":"highway","default_image_id":0,"font":"","enabled":false},"version":2}},"categories":[38,1],"tags":[7,4],"class_list":["post-396","post","type-post","status-publish","format-standard","has-post-thumbnail","hentry","category-2020-cyclades-en-voilier","category-voyages","tag-jerome","tag-journal-de-bord"],"geo":{"latitude":37.6989021,"longitude":23.8210373,"description":null},"jetpack_publicize_connections":[],"jetpack_featured_media_url":"https:\/\/cyclades.e-samson.org\/wp-content\/uploads\/2020\/09\/E1FD9925-E898-48B2-AC07-B38DB08A0253-scaled.jpeg","jetpack_sharing_enabled":true,"_links":{"self":[{"href":"https:\/\/cyclades.e-samson.org\/index.php?rest_route=\/wp\/v2\/posts\/396","targetHints":{"allow":["GET"]}}],"collection":[{"href":"https:\/\/cyclades.e-samson.org\/index.php?rest_route=\/wp\/v2\/posts"}],"about":[{"href":"https:\/\/cyclades.e-samson.org\/index.php?rest_route=\/wp\/v2\/types\/post"}],"author":[{"embeddable":true,"href":"https:\/\/cyclades.e-samson.org\/index.php?rest_route=\/wp\/v2\/users\/1"}],"replies":[{"embeddable":true,"href":"https:\/\/cyclades.e-samson.org\/index.php?rest_route=%2Fwp%2Fv2%2Fcomments&post=396"}],"version-history":[{"count":7,"href":"https:\/\/cyclades.e-samson.org\/index.php?rest_route=\/wp\/v2\/posts\/396\/revisions"}],"predecessor-version":[{"id":413,"href":"https:\/\/cyclades.e-samson.org\/index.php?rest_route=\/wp\/v2\/posts\/396\/revisions\/413"}],"wp:featuredmedia":[{"embeddable":true,"href":"https:\/\/cyclades.e-samson.org\/index.php?rest_route=\/wp\/v2\/media\/404"}],"wp:attachment":[{"href":"https:\/\/cyclades.e-samson.org\/index.php?rest_route=%2Fwp%2Fv2%2Fmedia&parent=396"}],"wp:term":[{"taxonomy":"category","embeddable":true,"href":"https:\/\/cyclades.e-samson.org\/index.php?rest_route=%2Fwp%2Fv2%2Fcategories&post=396"},{"taxonomy":"post_tag","embeddable":true,"href":"https:\/\/cyclades.e-samson.org\/index.php?rest_route=%2Fwp%2Fv2%2Ftags&post=396"}],"curies":[{"name":"wp","href":"https:\/\/api.w.org\/{rel}","templated":true}]}}