{"id":334,"date":"2020-09-16T21:57:17","date_gmt":"2020-09-16T19:57:17","guid":{"rendered":"http:\/\/cyclades.e-samson.org\/?p=334"},"modified":"2023-02-16T16:30:54","modified_gmt":"2023-02-16T15:30:54","slug":"itineraire-plan-f-par-anne-laure","status":"publish","type":"post","link":"https:\/\/cyclades.e-samson.org\/?p=334","title":{"rendered":"Itin\u00e9raire plan F par Anne-Laure"},"content":{"rendered":"\n<p>Bonjour,<\/p>\n\n\n\n<p>dans mon premier article sur l&#8217;itin\u00e9raire je vous exposais nos contraintes et nos envies pour l&#8217;itin\u00e9raire de ce voyage en voilier. J&#8217;\u00e9tais satisfaite car nous avions enfin \u00e9crit un itin\u00e9raire, un itin\u00e9raire bis et m\u00eame une troisi\u00e8me option.<\/p>\n\n\n\n<p>Bon depuis&#8230; si nous avons bien \u00e9t\u00e9 \u00e0 Delos, finalement nous avons ensuite fait route directement sur Paros plut\u00f4t que de retourner \u00e0 Rhinia qui nous avait beaucoup plu, mais la m\u00e9t\u00e9o \u00e9tait favorable et retourner \u00e0 Rhinia c&#8217;\u00e9tait prendre le risque d&#8217;y rester coinc\u00e9s 3 jours au final. Du coup nous nous sommes dit que nous resterions 3 nuits \u00e0 Paros. Puis sur les pr\u00e9visions m\u00e9t\u00e9o est arriv\u00e9 un ph\u00e9nom\u00e8ne &#8220;bizarre&#8221; m&#8217;a dit J\u00e9r\u00f4me, une sorte de d\u00e9pression dont on ne voyait pas trop comment et quand elle allait finir&#8230; Avec 2 bonnes fen\u00eatres de navigation une le lendemain et une demain. Donc nous avons abandonn\u00e9 nos plans a, b et c en d\u00e9cidant que le sud des Cyclades ne serait pas pour nous cet \u00e9t\u00e9. Et que nous faisions route vers l&#8217;Ouest pour amorcer notre remont\u00e9e.<\/p>\n\n\n\n<p>En effet vous en avez peut \u00eatre d\u00e9j\u00e0 entendu parl\u00e9, mais une temp\u00eate s\u00e9vit maintenant en M\u00e9dit\u00e9rann\u00e9e et devrait atteindre l&#8217;est de la Gr\u00e8ce, vendredi soir pour s\u00e9vir surtout samedi et dimanche. Nous avons explor\u00e9 plusieurs options  : les plans d et e ,avec entre autre une possible escale \u00e0 S\u00e9rifos, une travers\u00e9e en famille demain entre Sifnos et Poros (au nord d&#8217;Hydra) soit 65 milles = 10 heures, mais un &#8220;bateau copain&#8221; nous a pr\u00e9venu que les bateaux arrivaient nombreux sur Poros et qu&#8217;il ne pouvait plus tellement nous garantir une place au port.<\/p>\n\n\n\n<p>Et donc place au plan F. Demain le vent sera faible, les vents du Nord laisseront m\u00eame place \u00e0 un peu de vent de sud, nous avons pris la d\u00e9cision de ramener le bateau \u00e0 sa marina : Alimos \u00e0 Ath\u00e8nes. Il y a environ 70 milles de Sifnos \u00e0 la marina Alimos et nous pourrons l\u00e0 veiller \u00e0 son amarrage en s\u00e9curit\u00e9 avec le loueur. Cependant 70 milles avec les enfants cela repr\u00e9sente entre 10 et 12h, 3 ou 4 repas, et un peu trop de temps \u00e0 notre go\u00fbt o\u00f9 les mouvements de Archibald seraient limit\u00e9s. &#8220;plus long que pour aller en Bretagne en voiture&#8221; faisait remarquer Cl\u00e9mentine.<\/p>\n\n\n\n<p>Du coup J\u00e9r\u00f4me convoyera seul notre maintenant ch\u00e8re &#8220;Penelope&#8221;, avec une charge mentale all\u00e9g\u00e9e. &#8220;Il va flotter comme un bouchon ce bateau&#8221; a dit Cl\u00e9mentine \ud83d\ude00 Et je prendrai le ferry catamaran rapide de 16h05 pour rejoindre le Pir\u00e9e en 2h30 avec Cl\u00e9mentine, Elo\u00efse, Joachim et Archibald. Une nouvelle aventure !! <\/p>\n\n\n\n<p>&#8220;\u00e7a va me faire bizarre de quitter le bateau&#8221; n&#8217;arr\u00eate pas de r\u00e9p\u00e9ter Joachim.<\/p>\n\n\n\n<p>Billets de ferry et papiers d&#8217;identit\u00e9, check. Affaires de plage, livres et cahiers, check (il va falloir s&#8217;occuper du d\u00e9part de J\u00e9rome \u00e0 6h au ferry&#8230;). Casquette, lunettes, masque(ttes), check. <\/p>\n\n\n\n<p>Et pour J\u00e9r\u00f4me le pleins de petits go\u00fbters en tout genre.<\/p>\n\n\n\n<p>Nous esp\u00e9rons bien entendu repartir pour de nouvelles aventures lundi ou mardi. Et qui sait si nous ne pourrons pas en profiter pour visiter dans le week-end le mus\u00e9e de l&#8217;art Cycladique \ud83d\ude42<\/p>\n\n\n\n<p>A bient\u00f4t pour la suite de notre aventure !<\/p>\n","protected":false},"excerpt":{"rendered":"<p>Bonjour, dans mon premier article sur l&#8217;itin\u00e9raire je vous exposais nos contraintes et nos envies pour l&#8217;itin\u00e9raire de ce voyage en voilier. J&#8217;\u00e9tais satisfaite car nous avions enfin \u00e9crit un itin\u00e9raire, un itin\u00e9raire bis et &hellip; <\/p>\n","protected":false},"author":1,"featured_media":336,"comment_status":"open","ping_status":"open","sticky":false,"template":"","format":"standard","meta":{"_s2mail":"","_jetpack_memberships_contains_paid_content":false,"footnotes":"","jetpack_publicize_message":"","jetpack_publicize_feature_enabled":true,"jetpack_social_post_already_shared":false,"jetpack_social_options":{"image_generator_settings":{"template":"highway","default_image_id":0,"font":"","enabled":false},"version":2}},"categories":[38,1],"tags":[14,18],"class_list":["post-334","post","type-post","status-publish","format-standard","has-post-thumbnail","hentry","category-2020-cyclades-en-voilier","category-voyages","tag-anne-laure","tag-organisation-du-voyage"],"geo":null,"jetpack_publicize_connections":[],"jetpack_featured_media_url":"https:\/\/cyclades.e-samson.org\/wp-content\/uploads\/2020\/09\/cheers.jpg","jetpack_sharing_enabled":true,"_links":{"self":[{"href":"https:\/\/cyclades.e-samson.org\/index.php?rest_route=\/wp\/v2\/posts\/334","targetHints":{"allow":["GET"]}}],"collection":[{"href":"https:\/\/cyclades.e-samson.org\/index.php?rest_route=\/wp\/v2\/posts"}],"about":[{"href":"https:\/\/cyclades.e-samson.org\/index.php?rest_route=\/wp\/v2\/types\/post"}],"author":[{"embeddable":true,"href":"https:\/\/cyclades.e-samson.org\/index.php?rest_route=\/wp\/v2\/users\/1"}],"replies":[{"embeddable":true,"href":"https:\/\/cyclades.e-samson.org\/index.php?rest_route=%2Fwp%2Fv2%2Fcomments&post=334"}],"version-history":[{"count":1,"href":"https:\/\/cyclades.e-samson.org\/index.php?rest_route=\/wp\/v2\/posts\/334\/revisions"}],"predecessor-version":[{"id":335,"href":"https:\/\/cyclades.e-samson.org\/index.php?rest_route=\/wp\/v2\/posts\/334\/revisions\/335"}],"wp:featuredmedia":[{"embeddable":true,"href":"https:\/\/cyclades.e-samson.org\/index.php?rest_route=\/wp\/v2\/media\/336"}],"wp:attachment":[{"href":"https:\/\/cyclades.e-samson.org\/index.php?rest_route=%2Fwp%2Fv2%2Fmedia&parent=334"}],"wp:term":[{"taxonomy":"category","embeddable":true,"href":"https:\/\/cyclades.e-samson.org\/index.php?rest_route=%2Fwp%2Fv2%2Fcategories&post=334"},{"taxonomy":"post_tag","embeddable":true,"href":"https:\/\/cyclades.e-samson.org\/index.php?rest_route=%2Fwp%2Fv2%2Ftags&post=334"}],"curies":[{"name":"wp","href":"https:\/\/api.w.org\/{rel}","templated":true}]}}