{"id":313,"date":"2020-09-15T21:33:56","date_gmt":"2020-09-15T19:33:56","guid":{"rendered":"http:\/\/cyclades.e-samson.org\/?p=313"},"modified":"2023-02-16T16:30:54","modified_gmt":"2023-02-16T15:30:54","slug":"journee-11-interview-deloise-par-anne-laure","status":"publish","type":"post","link":"https:\/\/cyclades.e-samson.org\/?p=313","title":{"rendered":"Journ\u00e9e 11 : interview d&#8217;Elo\u00efse par Anne-Laure"},"content":{"rendered":"\n<p>Kalispera Elo\u00efse, alors as tu pass\u00e9 une bonne journ\u00e9e aujourd&#8217;hui ?<\/p>\n\n\n\n<ul class=\"wp-block-list\"><li>Kalispera j&#8217;ai pass\u00e9 une tr\u00e8s bonne journ\u00e9e aujourd&#8217;hui.<\/li><\/ul>\n\n\n\n<p>Peux tu nous dire o\u00f9 nous sommes ce soir ?<\/p>\n\n\n\n<ul class=\"wp-block-list\"><li>Nous sommes sur une autre \u00eele, nous sommes au port, il y a une tr\u00e8s belle plage, et des falaises et des montagnes juste \u00e0 c\u00f4t\u00e9. C&#8217;est le port de Kamares \u00e0 Sifnos.<\/li><\/ul>\n\n\n\n<figure class=\"wp-block-image size-large\"><img loading=\"lazy\" decoding=\"async\" width=\"1024\" height=\"768\" src=\"http:\/\/cyclades.e-samson.org\/wp-content\/uploads\/2020\/09\/falaises-1024x768.jpg\" alt=\"\" class=\"wp-image-315\" srcset=\"https:\/\/cyclades.e-samson.org\/wp-content\/uploads\/2020\/09\/falaises-1024x768.jpg 1024w, https:\/\/cyclades.e-samson.org\/wp-content\/uploads\/2020\/09\/falaises-300x225.jpg 300w, https:\/\/cyclades.e-samson.org\/wp-content\/uploads\/2020\/09\/falaises-768x576.jpg 768w, https:\/\/cyclades.e-samson.org\/wp-content\/uploads\/2020\/09\/falaises.jpg 1112w\" sizes=\"auto, (max-width: 1024px) 100vw, 1024px\" \/><\/figure>\n\n\n\n<figure class=\"wp-block-image size-large\"><img loading=\"lazy\" decoding=\"async\" width=\"1024\" height=\"768\" src=\"http:\/\/cyclades.e-samson.org\/wp-content\/uploads\/2020\/09\/baie-1024x768.jpg\" alt=\"\" class=\"wp-image-316\" srcset=\"https:\/\/cyclades.e-samson.org\/wp-content\/uploads\/2020\/09\/baie-1024x768.jpg 1024w, https:\/\/cyclades.e-samson.org\/wp-content\/uploads\/2020\/09\/baie-300x225.jpg 300w, https:\/\/cyclades.e-samson.org\/wp-content\/uploads\/2020\/09\/baie-768x576.jpg 768w, https:\/\/cyclades.e-samson.org\/wp-content\/uploads\/2020\/09\/baie.jpg 1112w\" sizes=\"auto, (max-width: 1024px) 100vw, 1024px\" \/><\/figure>\n\n\n\n<figure class=\"wp-block-image size-large\"><img loading=\"lazy\" decoding=\"async\" width=\"1024\" height=\"768\" src=\"http:\/\/cyclades.e-samson.org\/wp-content\/uploads\/2020\/09\/baie2-1024x768.jpg\" alt=\"\" class=\"wp-image-317\" srcset=\"https:\/\/cyclades.e-samson.org\/wp-content\/uploads\/2020\/09\/baie2-1024x768.jpg 1024w, https:\/\/cyclades.e-samson.org\/wp-content\/uploads\/2020\/09\/baie2-300x225.jpg 300w, https:\/\/cyclades.e-samson.org\/wp-content\/uploads\/2020\/09\/baie2-768x576.jpg 768w, https:\/\/cyclades.e-samson.org\/wp-content\/uploads\/2020\/09\/baie2.jpg 1112w\" sizes=\"auto, (max-width: 1024px) 100vw, 1024px\" \/><figcaption>Sur cette photo vous pouvez deviner le port o\u00f9 nous sommes amarr\u00e9s.<\/figcaption><\/figure>\n\n\n\n<p>Qu&#8217;as tu pr\u00e9f\u00e9r\u00e9 dans ta journ\u00e9e ?<\/p>\n\n\n\n<ul class=\"wp-block-list\"><li>La balade le matin et le d\u00e9jeuner o\u00f9 on a mang\u00e9 des glaces et des sandwiches.<\/li><\/ul>\n\n\n\n<p>Peux tu nous raconter la balade de ce matin ?<\/p>\n\n\n\n<ul class=\"wp-block-list\"><li>Nous \u00e9tions toujours \u00e0 Paros, nous voulions aller au mus\u00e9e arch\u00e9ologique mais c&#8217;\u00e9tait ferm\u00e9 le mardi. Nous sommes all\u00e9s voir des mosa\u00efques \u00e0 la sortie de la ville, j&#8217;ai aussi vu un cimeti\u00e8re antique et un squelette de cheval.<\/li><\/ul>\n\n\n\n<figure class=\"wp-block-image size-large\"><img loading=\"lazy\" decoding=\"async\" width=\"1024\" height=\"768\" src=\"http:\/\/cyclades.e-samson.org\/wp-content\/uploads\/2020\/09\/musee-archeologique-1024x768.jpg\" alt=\"\" class=\"wp-image-318\" srcset=\"https:\/\/cyclades.e-samson.org\/wp-content\/uploads\/2020\/09\/musee-archeologique-1024x768.jpg 1024w, https:\/\/cyclades.e-samson.org\/wp-content\/uploads\/2020\/09\/musee-archeologique-300x225.jpg 300w, https:\/\/cyclades.e-samson.org\/wp-content\/uploads\/2020\/09\/musee-archeologique-768x576.jpg 768w, https:\/\/cyclades.e-samson.org\/wp-content\/uploads\/2020\/09\/musee-archeologique.jpg 1112w\" sizes=\"auto, (max-width: 1024px) 100vw, 1024px\" \/><figcaption>La cour du mus\u00e9e arch\u00e9ologique de Parikia ferm\u00e9 le mardi \ud83d\ude41<\/figcaption><\/figure>\n\n\n\n<figure class=\"wp-block-image size-large\"><img loading=\"lazy\" decoding=\"async\" width=\"1024\" height=\"768\" src=\"http:\/\/cyclades.e-samson.org\/wp-content\/uploads\/2020\/09\/tombeau-clem-1024x768.jpg\" alt=\"\" class=\"wp-image-319\" srcset=\"https:\/\/cyclades.e-samson.org\/wp-content\/uploads\/2020\/09\/tombeau-clem-1024x768.jpg 1024w, https:\/\/cyclades.e-samson.org\/wp-content\/uploads\/2020\/09\/tombeau-clem-300x225.jpg 300w, https:\/\/cyclades.e-samson.org\/wp-content\/uploads\/2020\/09\/tombeau-clem-768x576.jpg 768w, https:\/\/cyclades.e-samson.org\/wp-content\/uploads\/2020\/09\/tombeau-clem.jpg 1112w\" sizes=\"auto, (max-width: 1024px) 100vw, 1024px\" \/><\/figure>\n\n\n\n<figure class=\"wp-block-image size-large\"><img loading=\"lazy\" decoding=\"async\" width=\"1024\" height=\"768\" src=\"http:\/\/cyclades.e-samson.org\/wp-content\/uploads\/2020\/09\/cimetiere-antique-1024x768.jpg\" alt=\"\" class=\"wp-image-320\" srcset=\"https:\/\/cyclades.e-samson.org\/wp-content\/uploads\/2020\/09\/cimetiere-antique-1024x768.jpg 1024w, https:\/\/cyclades.e-samson.org\/wp-content\/uploads\/2020\/09\/cimetiere-antique-300x225.jpg 300w, https:\/\/cyclades.e-samson.org\/wp-content\/uploads\/2020\/09\/cimetiere-antique-768x576.jpg 768w, https:\/\/cyclades.e-samson.org\/wp-content\/uploads\/2020\/09\/cimetiere-antique.jpg 1112w\" sizes=\"auto, (max-width: 1024px) 100vw, 1024px\" \/><figcaption>Nous posons devant le cimeti\u00e8re antique<\/figcaption><\/figure>\n\n\n\n<figure class=\"wp-block-image size-large\"><img loading=\"lazy\" decoding=\"async\" width=\"1024\" height=\"768\" src=\"http:\/\/cyclades.e-samson.org\/wp-content\/uploads\/2020\/09\/mosaiques-1024x768.jpg\" alt=\"\" class=\"wp-image-321\" srcset=\"https:\/\/cyclades.e-samson.org\/wp-content\/uploads\/2020\/09\/mosaiques-1024x768.jpg 1024w, https:\/\/cyclades.e-samson.org\/wp-content\/uploads\/2020\/09\/mosaiques-300x225.jpg 300w, https:\/\/cyclades.e-samson.org\/wp-content\/uploads\/2020\/09\/mosaiques-768x576.jpg 768w, https:\/\/cyclades.e-samson.org\/wp-content\/uploads\/2020\/09\/mosaiques.jpg 1112w\" sizes=\"auto, (max-width: 1024px) 100vw, 1024px\" \/><figcaption>Les mosa\u00efques sont moins bien conserv\u00e9es qu&#8217;\u00e0 Delos<\/figcaption><\/figure>\n\n\n\n<figure class=\"wp-block-image size-large\"><img loading=\"lazy\" decoding=\"async\" width=\"1024\" height=\"768\" src=\"http:\/\/cyclades.e-samson.org\/wp-content\/uploads\/2020\/09\/parc-de-pin-1024x768.jpg\" alt=\"\" class=\"wp-image-322\" srcset=\"https:\/\/cyclades.e-samson.org\/wp-content\/uploads\/2020\/09\/parc-de-pin-1024x768.jpg 1024w, https:\/\/cyclades.e-samson.org\/wp-content\/uploads\/2020\/09\/parc-de-pin-300x225.jpg 300w, https:\/\/cyclades.e-samson.org\/wp-content\/uploads\/2020\/09\/parc-de-pin-768x576.jpg 768w, https:\/\/cyclades.e-samson.org\/wp-content\/uploads\/2020\/09\/parc-de-pin.jpg 1112w\" sizes=\"auto, (max-width: 1024px) 100vw, 1024px\" \/><figcaption>Nous avons travers\u00e9 un parc de pins<\/figcaption><\/figure>\n\n\n\n<figure class=\"wp-block-image size-large\"><img loading=\"lazy\" decoding=\"async\" width=\"626\" height=\"834\" src=\"http:\/\/cyclades.e-samson.org\/wp-content\/uploads\/2020\/09\/leglise-dhier-vue-du-musee.jpg\" alt=\"\" class=\"wp-image-323\" srcset=\"https:\/\/cyclades.e-samson.org\/wp-content\/uploads\/2020\/09\/leglise-dhier-vue-du-musee.jpg 626w, https:\/\/cyclades.e-samson.org\/wp-content\/uploads\/2020\/09\/leglise-dhier-vue-du-musee-225x300.jpg 225w\" sizes=\"auto, (max-width: 626px) 100vw, 626px\" \/><figcaption>On a revu l&#8217;\u00e9glise que nous avons visit\u00e9 hier<\/figcaption><\/figure>\n\n\n\n<p>Qu&#8217;as tu fait d&#8217;autre de ta journ\u00e9e ?<\/p>\n\n\n\n<ul class=\"wp-block-list\"><li>L&#8217;apr\u00e8s-midi nous avons navigu\u00e9 4h, j&#8217;ai beaucoup dormi et lu sur le Kobo. Le soir nous sommes all\u00e9s \u00e0 la plage.<\/li><\/ul>\n\n\n\n<figure class=\"wp-block-image size-large\"><img loading=\"lazy\" decoding=\"async\" width=\"1024\" height=\"768\" src=\"http:\/\/cyclades.e-samson.org\/wp-content\/uploads\/2020\/09\/Eloise-kamares-1-1024x768.jpg\" alt=\"\" class=\"wp-image-326\" srcset=\"https:\/\/cyclades.e-samson.org\/wp-content\/uploads\/2020\/09\/Eloise-kamares-1-1024x768.jpg 1024w, https:\/\/cyclades.e-samson.org\/wp-content\/uploads\/2020\/09\/Eloise-kamares-1-300x225.jpg 300w, https:\/\/cyclades.e-samson.org\/wp-content\/uploads\/2020\/09\/Eloise-kamares-1-768x576.jpg 768w, https:\/\/cyclades.e-samson.org\/wp-content\/uploads\/2020\/09\/Eloise-kamares-1.jpg 1112w\" sizes=\"auto, (max-width: 1024px) 100vw, 1024px\" \/><figcaption>Moi \u00e0 l&#8217;arriv\u00e9e dans la baie de Kamares<\/figcaption><\/figure>\n\n\n\n<figure class=\"wp-block-image size-large\"><img loading=\"lazy\" decoding=\"async\" width=\"626\" height=\"834\" src=\"http:\/\/cyclades.e-samson.org\/wp-content\/uploads\/2020\/09\/plage-kamares.jpg\" alt=\"\" class=\"wp-image-327\" srcset=\"https:\/\/cyclades.e-samson.org\/wp-content\/uploads\/2020\/09\/plage-kamares.jpg 626w, https:\/\/cyclades.e-samson.org\/wp-content\/uploads\/2020\/09\/plage-kamares-225x300.jpg 225w\" sizes=\"auto, (max-width: 626px) 100vw, 626px\" \/><\/figure>\n\n\n\n<p>Qu&#8217;est ce que tu lis en ce moment ?<\/p>\n\n\n\n<ul class=\"wp-block-list\"><li>La Petite Maison dans la Prairie Tome 6. J&#8217;en suis au chapitre 31, ils f\u00eatent le 4 juillet, l&#8217;ind\u00e9pence des Etats Unis.<\/li><\/ul>\n\n\n\n<p>Qu&#8217;est ce que tu as fait \u00e0 la plage ?<\/p>\n\n\n\n<ul class=\"wp-block-list\"><li>J&#8217;ai couru sur le sable et j&#8217;ai creus\u00e9 des trous.<\/li><\/ul>\n\n\n\n<figure class=\"wp-block-image size-large\"><img loading=\"lazy\" decoding=\"async\" width=\"1024\" height=\"768\" src=\"http:\/\/cyclades.e-samson.org\/wp-content\/uploads\/2020\/09\/plage-1024x768.jpg\" alt=\"\" class=\"wp-image-324\" srcset=\"https:\/\/cyclades.e-samson.org\/wp-content\/uploads\/2020\/09\/plage-1024x768.jpg 1024w, https:\/\/cyclades.e-samson.org\/wp-content\/uploads\/2020\/09\/plage-300x225.jpg 300w, https:\/\/cyclades.e-samson.org\/wp-content\/uploads\/2020\/09\/plage-768x576.jpg 768w, https:\/\/cyclades.e-samson.org\/wp-content\/uploads\/2020\/09\/plage.jpg 1112w\" sizes=\"auto, (max-width: 1024px) 100vw, 1024px\" \/><\/figure>\n\n\n\n<figure class=\"wp-block-image size-large\"><img loading=\"lazy\" decoding=\"async\" width=\"469\" height=\"834\" src=\"http:\/\/cyclades.e-samson.org\/wp-content\/uploads\/2020\/09\/archibald-plage.jpg\" alt=\"\" class=\"wp-image-328\" srcset=\"https:\/\/cyclades.e-samson.org\/wp-content\/uploads\/2020\/09\/archibald-plage.jpg 469w, https:\/\/cyclades.e-samson.org\/wp-content\/uploads\/2020\/09\/archibald-plage-169x300.jpg 169w\" sizes=\"auto, (max-width: 469px) 100vw, 469px\" \/><figcaption>Archibald \u00e9tait tr\u00e8s content d&#8217;\u00eatre \u00e0 la plage<\/figcaption><\/figure>\n\n\n\n<p>Qu&#8217;est ce que tu aimerais faire demain <\/p>\n\n\n\n<ul class=\"wp-block-list\"><li>Aller me promener dans le village parce que cela a l&#8217;air tr\u00e8s joli.<\/li><\/ul>\n\n\n\n<figure class=\"wp-block-image size-large\"><img loading=\"lazy\" decoding=\"async\" width=\"626\" height=\"834\" src=\"http:\/\/cyclades.e-samson.org\/wp-content\/uploads\/2020\/09\/village-de-kamares.jpg\" alt=\"\" class=\"wp-image-329\" srcset=\"https:\/\/cyclades.e-samson.org\/wp-content\/uploads\/2020\/09\/village-de-kamares.jpg 626w, https:\/\/cyclades.e-samson.org\/wp-content\/uploads\/2020\/09\/village-de-kamares-225x300.jpg 225w\" sizes=\"auto, (max-width: 626px) 100vw, 626px\" \/><figcaption>Un avant gout du village<\/figcaption><\/figure>\n\n\n\n<p><\/p>\n\n\n\n<p>Est ce que tu aimes le bateau ?<\/p>\n\n\n\n<ul class=\"wp-block-list\"><li>Pas trop quand \u00e7a bouge, mais sinon c&#8217;est super.<\/li><\/ul>\n\n\n\n<p>Qu&#8217;est ce que tu aimes dans le bateau ?<\/p>\n\n\n\n<ul class=\"wp-block-list\"><li>jouer avec Cl\u00e9mentine, Joachim et Archibald.<\/li><\/ul>\n\n\n\n<p>Comment on dit merci en grec ?<\/p>\n\n\n\n<ul class=\"wp-block-list\"><li>Ephkaristo,  et Palakalo c&#8217;est de rien.<\/li><\/ul>\n\n\n\n<p>Kalinichta<\/p>\n\n\n\n<p><\/p>\n","protected":false},"excerpt":{"rendered":"<p>Kalispera Elo\u00efse, alors as tu pass\u00e9 une bonne journ\u00e9e aujourd&#8217;hui ? Kalispera j&#8217;ai pass\u00e9 une tr\u00e8s bonne journ\u00e9e aujourd&#8217;hui. Peux tu nous dire o\u00f9 nous sommes ce soir ? Nous sommes sur une autre \u00eele, &hellip; <\/p>\n","protected":false},"author":1,"featured_media":326,"comment_status":"open","ping_status":"open","sticky":false,"template":"","format":"standard","meta":{"_s2mail":"","_jetpack_memberships_contains_paid_content":false,"footnotes":"","jetpack_publicize_message":"","jetpack_publicize_feature_enabled":true,"jetpack_social_post_already_shared":false,"jetpack_social_options":{"image_generator_settings":{"template":"highway","default_image_id":0,"font":"","enabled":false},"version":2}},"categories":[38,1],"tags":[2,4],"class_list":["post-313","post","type-post","status-publish","format-standard","has-post-thumbnail","hentry","category-2020-cyclades-en-voilier","category-voyages","tag-eloise","tag-journal-de-bord"],"geo":{"latitude":36.9898415,"longitude":24.6750565,"description":null},"jetpack_publicize_connections":[],"jetpack_featured_media_url":"https:\/\/cyclades.e-samson.org\/wp-content\/uploads\/2020\/09\/Eloise-kamares-1.jpg","jetpack_sharing_enabled":true,"_links":{"self":[{"href":"https:\/\/cyclades.e-samson.org\/index.php?rest_route=\/wp\/v2\/posts\/313","targetHints":{"allow":["GET"]}}],"collection":[{"href":"https:\/\/cyclades.e-samson.org\/index.php?rest_route=\/wp\/v2\/posts"}],"about":[{"href":"https:\/\/cyclades.e-samson.org\/index.php?rest_route=\/wp\/v2\/types\/post"}],"author":[{"embeddable":true,"href":"https:\/\/cyclades.e-samson.org\/index.php?rest_route=\/wp\/v2\/users\/1"}],"replies":[{"embeddable":true,"href":"https:\/\/cyclades.e-samson.org\/index.php?rest_route=%2Fwp%2Fv2%2Fcomments&post=313"}],"version-history":[{"count":2,"href":"https:\/\/cyclades.e-samson.org\/index.php?rest_route=\/wp\/v2\/posts\/313\/revisions"}],"predecessor-version":[{"id":330,"href":"https:\/\/cyclades.e-samson.org\/index.php?rest_route=\/wp\/v2\/posts\/313\/revisions\/330"}],"wp:featuredmedia":[{"embeddable":true,"href":"https:\/\/cyclades.e-samson.org\/index.php?rest_route=\/wp\/v2\/media\/326"}],"wp:attachment":[{"href":"https:\/\/cyclades.e-samson.org\/index.php?rest_route=%2Fwp%2Fv2%2Fmedia&parent=313"}],"wp:term":[{"taxonomy":"category","embeddable":true,"href":"https:\/\/cyclades.e-samson.org\/index.php?rest_route=%2Fwp%2Fv2%2Fcategories&post=313"},{"taxonomy":"post_tag","embeddable":true,"href":"https:\/\/cyclades.e-samson.org\/index.php?rest_route=%2Fwp%2Fv2%2Ftags&post=313"}],"curies":[{"name":"wp","href":"https:\/\/api.w.org\/{rel}","templated":true}]}}