{"id":266,"date":"2020-09-15T01:07:55","date_gmt":"2020-09-14T23:07:55","guid":{"rendered":"http:\/\/cyclades.e-samson.org\/?p=266"},"modified":"2023-02-16T16:30:54","modified_gmt":"2023-02-16T15:30:54","slug":"jour-10-une-journee-touristique","status":"publish","type":"post","link":"https:\/\/cyclades.e-samson.org\/?p=266","title":{"rendered":"Jour 10 : une journ\u00e9e touristique"},"content":{"rendered":"\n<p>Kalimera,<\/p>\n\n\n\n<p>Lors de mon dernier article je vous parlais de ce fameux itin\u00e9raire, sujet aux changements li\u00e9s \u00e0 la m\u00e9t\u00e9o et aux besoins de l&#8217;\u00e9quipage et de son v\u00e9hicule. Plus ou moins d\u00e9fini il y a 2 jours, il a subi son premier gros changement le lendemain \ud83d\ude42 En effet nous prevoyions de passer une deuxi\u00e8me nuit \u00e0 Rhinia ainsi que la journ\u00e9e d&#8217;aujourd&#8217;hui qui s&#8217;av\u00e9rait un peu trop venteuse selon la m\u00e9t\u00e9o. Mais apr\u00e8s le mouillage un peu sportif devant Delos, et l&#8217;impression que le bateau prenait l&#8217;eau &#8220;de plus en plus&#8221; (\u00e7a se pompe ne vous inqui\u00e9tez pas \ud83d\ude09 ) le besoin de s\u00e9curit\u00e9 a pris le dessus sur l&#8217;id\u00e9e de l&#8217;apr\u00e8s midi en pleine nature&#8230; C&#8217;est ainsi que nous avons fait route sur Paros tel que J\u00e9r\u00f4me vous l&#8217;a racont\u00e9.<\/p>\n\n\n\n<p>Paros apr\u00e8s Rhinia et m\u00eame l&#8217;\u00eele de Kythnos c&#8217;est un peu le choc du &#8220;retour \u00e0 la civilisation&#8221;. En effet le port de Parikia est non seulement touristique mais c&#8217;est aussi une petite ville o\u00f9 les enfants faisaient leur rentr\u00e9e aujourd&#8217;hui. Nous avons pu noter qu&#8217;apr\u00e8s l&#8217;\u00e9cole ils \u00e9taient nombreux \u00e0 d\u00e9jeuner avec leurs parents sur les terrasses des &#8220;tavernas&#8221; grecques ou dans les caf\u00e9s de la vieille ville.<\/p>\n\n\n\n<p>Pour notre part, nous avons laiss\u00e9 les techniciens &#8211; envoy\u00e9s par notre loueur &#8211; s&#8217;occuper de remplir de Sikaflex la jonction coque\/pont de notre bateau et nous sommes partis visiter la vieille ville.<\/p>\n\n\n\n<figure class=\"wp-block-image size-large\"><img loading=\"lazy\" decoding=\"async\" width=\"1024\" height=\"768\" src=\"http:\/\/cyclades.e-samson.org\/wp-content\/uploads\/2020\/09\/pose-sikaflex-1024x768.jpg\" alt=\"\" class=\"wp-image-273\" srcset=\"https:\/\/cyclades.e-samson.org\/wp-content\/uploads\/2020\/09\/pose-sikaflex-1024x768.jpg 1024w, https:\/\/cyclades.e-samson.org\/wp-content\/uploads\/2020\/09\/pose-sikaflex-300x225.jpg 300w, https:\/\/cyclades.e-samson.org\/wp-content\/uploads\/2020\/09\/pose-sikaflex-768x576.jpg 768w, https:\/\/cyclades.e-samson.org\/wp-content\/uploads\/2020\/09\/pose-sikaflex.jpg 1112w\" sizes=\"auto, (max-width: 1024px) 100vw, 1024px\" \/><\/figure>\n\n\n\n<figure class=\"wp-block-image size-large\"><img loading=\"lazy\" decoding=\"async\" width=\"1024\" height=\"768\" src=\"http:\/\/cyclades.e-samson.org\/wp-content\/uploads\/2020\/09\/sika-pose-1024x768.jpg\" alt=\"\" class=\"wp-image-274\" srcset=\"https:\/\/cyclades.e-samson.org\/wp-content\/uploads\/2020\/09\/sika-pose-1024x768.jpg 1024w, https:\/\/cyclades.e-samson.org\/wp-content\/uploads\/2020\/09\/sika-pose-300x225.jpg 300w, https:\/\/cyclades.e-samson.org\/wp-content\/uploads\/2020\/09\/sika-pose-768x576.jpg 768w, https:\/\/cyclades.e-samson.org\/wp-content\/uploads\/2020\/09\/sika-pose.jpg 1112w\" sizes=\"auto, (max-width: 1024px) 100vw, 1024px\" \/><figcaption>la fameuse jonction pont coque avec son nouveau Sikaflex<\/figcaption><\/figure>\n\n\n\n<p>Il n&#8217;y a pas \u00e0 dire, les d\u00e9dales de ruelles, ombrag\u00e9es et vent\u00e9es, c&#8217;est toujours plein de charmes.<\/p>\n\n\n\n<figure class=\"wp-block-image size-large is-resized\"><img loading=\"lazy\" decoding=\"async\" src=\"http:\/\/cyclades.e-samson.org\/wp-content\/uploads\/2020\/09\/bougainvillier.jpg\" alt=\"\" class=\"wp-image-307\" width=\"591\" height=\"786\" srcset=\"https:\/\/cyclades.e-samson.org\/wp-content\/uploads\/2020\/09\/bougainvillier.jpg 626w, https:\/\/cyclades.e-samson.org\/wp-content\/uploads\/2020\/09\/bougainvillier-225x300.jpg 225w\" sizes=\"auto, (max-width: 591px) 100vw, 591px\" \/><\/figure>\n\n\n\n<figure class=\"wp-block-image size-large is-resized\"><img loading=\"lazy\" decoding=\"async\" src=\"http:\/\/cyclades.e-samson.org\/wp-content\/uploads\/2020\/09\/petite-porte.jpg\" alt=\"\" class=\"wp-image-308\" width=\"585\" height=\"778\" srcset=\"https:\/\/cyclades.e-samson.org\/wp-content\/uploads\/2020\/09\/petite-porte.jpg 626w, https:\/\/cyclades.e-samson.org\/wp-content\/uploads\/2020\/09\/petite-porte-225x300.jpg 225w\" sizes=\"auto, (max-width: 585px) 100vw, 585px\" \/><\/figure>\n\n\n\n<figure class=\"wp-block-image size-large\"><img loading=\"lazy\" decoding=\"async\" width=\"626\" height=\"834\" src=\"http:\/\/cyclades.e-samson.org\/wp-content\/uploads\/2020\/09\/coucou.jpg\" alt=\"\" class=\"wp-image-276\" srcset=\"https:\/\/cyclades.e-samson.org\/wp-content\/uploads\/2020\/09\/coucou.jpg 626w, https:\/\/cyclades.e-samson.org\/wp-content\/uploads\/2020\/09\/coucou-225x300.jpg 225w\" sizes=\"auto, (max-width: 626px) 100vw, 626px\" \/><figcaption>Coucou !<\/figcaption><\/figure>\n\n\n\n<figure class=\"wp-block-image size-large\"><img loading=\"lazy\" decoding=\"async\" width=\"1024\" height=\"768\" src=\"http:\/\/cyclades.e-samson.org\/wp-content\/uploads\/2020\/09\/mer-au-detour-des-ruelles-1024x768.jpg\" alt=\"\" class=\"wp-image-277\" srcset=\"https:\/\/cyclades.e-samson.org\/wp-content\/uploads\/2020\/09\/mer-au-detour-des-ruelles-1024x768.jpg 1024w, https:\/\/cyclades.e-samson.org\/wp-content\/uploads\/2020\/09\/mer-au-detour-des-ruelles-300x225.jpg 300w, https:\/\/cyclades.e-samson.org\/wp-content\/uploads\/2020\/09\/mer-au-detour-des-ruelles-768x576.jpg 768w, https:\/\/cyclades.e-samson.org\/wp-content\/uploads\/2020\/09\/mer-au-detour-des-ruelles.jpg 1112w\" sizes=\"auto, (max-width: 1024px) 100vw, 1024px\" \/><figcaption>La mer au d\u00e9tour des ruelles<\/figcaption><\/figure>\n\n\n\n<figure class=\"wp-block-image size-large\"><img loading=\"lazy\" decoding=\"async\" width=\"626\" height=\"834\" src=\"http:\/\/cyclades.e-samson.org\/wp-content\/uploads\/2020\/09\/tour-du-kastro.jpg\" alt=\"\" class=\"wp-image-278\" srcset=\"https:\/\/cyclades.e-samson.org\/wp-content\/uploads\/2020\/09\/tour-du-kastro.jpg 626w, https:\/\/cyclades.e-samson.org\/wp-content\/uploads\/2020\/09\/tour-du-kastro-225x300.jpg 225w\" sizes=\"auto, (max-width: 626px) 100vw, 626px\" \/><figcaption>La r\u00e9cup\u00e9ration des colonnes, pas de portes et de fen\u00eatres d&#8217;anciens temples et d&#8217;anciennes maisons en marbre de Paros pour construire le Kastro (forteresse) dont nous voyons un bout de tour est manifeste.<\/figcaption><\/figure>\n\n\n\n<figure class=\"wp-block-image size-large\"><img loading=\"lazy\" decoding=\"async\" width=\"1024\" height=\"768\" src=\"http:\/\/cyclades.e-samson.org\/wp-content\/uploads\/2020\/09\/recuperation-de-temple-pour-la-construction-1024x768.jpg\" alt=\"\" class=\"wp-image-281\" srcset=\"https:\/\/cyclades.e-samson.org\/wp-content\/uploads\/2020\/09\/recuperation-de-temple-pour-la-construction-1024x768.jpg 1024w, https:\/\/cyclades.e-samson.org\/wp-content\/uploads\/2020\/09\/recuperation-de-temple-pour-la-construction-300x225.jpg 300w, https:\/\/cyclades.e-samson.org\/wp-content\/uploads\/2020\/09\/recuperation-de-temple-pour-la-construction-768x576.jpg 768w, https:\/\/cyclades.e-samson.org\/wp-content\/uploads\/2020\/09\/recuperation-de-temple-pour-la-construction.jpg 1112w\" sizes=\"auto, (max-width: 1024px) 100vw, 1024px\" \/><\/figure>\n\n\n\n<figure class=\"wp-block-image size-large\"><img loading=\"lazy\" decoding=\"async\" width=\"1024\" height=\"768\" src=\"http:\/\/cyclades.e-samson.org\/wp-content\/uploads\/2020\/09\/chapelle-constantin-1024x768.jpg\" alt=\"\" class=\"wp-image-280\" srcset=\"https:\/\/cyclades.e-samson.org\/wp-content\/uploads\/2020\/09\/chapelle-constantin-1024x768.jpg 1024w, https:\/\/cyclades.e-samson.org\/wp-content\/uploads\/2020\/09\/chapelle-constantin-300x225.jpg 300w, https:\/\/cyclades.e-samson.org\/wp-content\/uploads\/2020\/09\/chapelle-constantin-768x576.jpg 768w, https:\/\/cyclades.e-samson.org\/wp-content\/uploads\/2020\/09\/chapelle-constantin.jpg 1112w\" sizes=\"auto, (max-width: 1024px) 100vw, 1024px\" \/><figcaption>La chapelle Constantin du nom de premier empereur romain chr\u00e9tien fut construite sur le site du temple d&#8217;Ath\u00e9na.<\/figcaption><\/figure>\n\n\n\n<figure class=\"wp-block-image size-large\"><img loading=\"lazy\" decoding=\"async\" width=\"626\" height=\"834\" src=\"http:\/\/cyclades.e-samson.org\/wp-content\/uploads\/2020\/09\/crocs-pour-titans.jpg\" alt=\"\" class=\"wp-image-306\" srcset=\"https:\/\/cyclades.e-samson.org\/wp-content\/uploads\/2020\/09\/crocs-pour-titans.jpg 626w, https:\/\/cyclades.e-samson.org\/wp-content\/uploads\/2020\/09\/crocs-pour-titans-225x300.jpg 225w\" sizes=\"auto, (max-width: 626px) 100vw, 626px\" \/><figcaption>Nous avons trouv\u00e9 des Crocs pour Titans \ud83d\ude00<\/figcaption><\/figure>\n\n\n\n<p>L&#8217;un des sites notables du port de Parikia est l&#8217;\u00e9glise de la Panagia Ekatontapiliani (ce qui veut dire &#8220;aux cents portes&#8221;), l&#8217;une des plus anciennes de Gr\u00e8ce. Certaines parties datent du IVe si\u00e8cle. Les enfants toujours avides de d\u00e9tails se sont r\u00e9gal\u00e9s. Il faut dire que l&#8217;\u00e9glise a \u00e9t\u00e9 r\u00e9nov\u00e9e en de fa\u00e7on admirable dans les ann\u00e9es 1960 et que c&#8217;est un v\u00e9ritable complexe que nous admirons.<\/p>\n\n\n\n<figure class=\"wp-block-image size-large\"><img loading=\"lazy\" decoding=\"async\" width=\"626\" height=\"834\" src=\"http:\/\/cyclades.e-samson.org\/wp-content\/uploads\/2020\/09\/eglise.jpg\" alt=\"\" class=\"wp-image-282\" srcset=\"https:\/\/cyclades.e-samson.org\/wp-content\/uploads\/2020\/09\/eglise.jpg 626w, https:\/\/cyclades.e-samson.org\/wp-content\/uploads\/2020\/09\/eglise-225x300.jpg 225w\" sizes=\"auto, (max-width: 626px) 100vw, 626px\" \/><figcaption>Fa\u00e7ade avant tout de blanc v\u00eatue<\/figcaption><\/figure>\n\n\n\n<figure class=\"wp-block-image size-large\"><img loading=\"lazy\" decoding=\"async\" width=\"626\" height=\"834\" src=\"http:\/\/cyclades.e-samson.org\/wp-content\/uploads\/2020\/09\/eglise3.jpg\" alt=\"\" class=\"wp-image-283\" srcset=\"https:\/\/cyclades.e-samson.org\/wp-content\/uploads\/2020\/09\/eglise3.jpg 626w, https:\/\/cyclades.e-samson.org\/wp-content\/uploads\/2020\/09\/eglise3-225x300.jpg 225w\" sizes=\"auto, (max-width: 626px) 100vw, 626px\" \/><figcaption>Cloitre<\/figcaption><\/figure>\n\n\n\n<figure class=\"wp-block-image size-large\"><img loading=\"lazy\" decoding=\"async\" width=\"1024\" height=\"768\" src=\"http:\/\/cyclades.e-samson.org\/wp-content\/uploads\/2020\/09\/vue-de-la-partie-des-femmes-1024x768.jpg\" alt=\"\" class=\"wp-image-286\" srcset=\"https:\/\/cyclades.e-samson.org\/wp-content\/uploads\/2020\/09\/vue-de-la-partie-des-femmes-1024x768.jpg 1024w, https:\/\/cyclades.e-samson.org\/wp-content\/uploads\/2020\/09\/vue-de-la-partie-des-femmes-300x225.jpg 300w, https:\/\/cyclades.e-samson.org\/wp-content\/uploads\/2020\/09\/vue-de-la-partie-des-femmes-768x576.jpg 768w, https:\/\/cyclades.e-samson.org\/wp-content\/uploads\/2020\/09\/vue-de-la-partie-des-femmes.jpg 1112w\" sizes=\"auto, (max-width: 1024px) 100vw, 1024px\" \/><\/figure>\n\n\n\n<figure class=\"wp-block-image size-large\"><img loading=\"lazy\" decoding=\"async\" width=\"1024\" height=\"768\" src=\"http:\/\/cyclades.e-samson.org\/wp-content\/uploads\/2020\/09\/eglise2-1024x768.jpg\" alt=\"\" class=\"wp-image-284\" srcset=\"https:\/\/cyclades.e-samson.org\/wp-content\/uploads\/2020\/09\/eglise2-1024x768.jpg 1024w, https:\/\/cyclades.e-samson.org\/wp-content\/uploads\/2020\/09\/eglise2-300x225.jpg 300w, https:\/\/cyclades.e-samson.org\/wp-content\/uploads\/2020\/09\/eglise2-768x576.jpg 768w, https:\/\/cyclades.e-samson.org\/wp-content\/uploads\/2020\/09\/eglise2.jpg 1112w\" sizes=\"auto, (max-width: 1024px) 100vw, 1024px\" \/><figcaption>La basilique cruciforme remontant au VIe si\u00e8cle<\/figcaption><\/figure>\n\n\n\n<figure class=\"wp-block-image size-large\"><img loading=\"lazy\" decoding=\"async\" width=\"1024\" height=\"768\" src=\"http:\/\/cyclades.e-samson.org\/wp-content\/uploads\/2020\/09\/baptistere-cruciforme-1024x768.jpg\" alt=\"\" class=\"wp-image-287\" srcset=\"https:\/\/cyclades.e-samson.org\/wp-content\/uploads\/2020\/09\/baptistere-cruciforme-1024x768.jpg 1024w, https:\/\/cyclades.e-samson.org\/wp-content\/uploads\/2020\/09\/baptistere-cruciforme-300x225.jpg 300w, https:\/\/cyclades.e-samson.org\/wp-content\/uploads\/2020\/09\/baptistere-cruciforme-768x576.jpg 768w, https:\/\/cyclades.e-samson.org\/wp-content\/uploads\/2020\/09\/baptistere-cruciforme.jpg 1112w\" sizes=\"auto, (max-width: 1024px) 100vw, 1024px\" \/><figcaption>Partie la plus ancienne : le baptist\u00e8re cruciforme. &#8220;ils devaient s&#8217;immerger en entier dans l&#8217;eau glaciale&#8221; nous a dit Joachim impressionn\u00e9 par la pr\u00e9sence des marches.<\/figcaption><\/figure>\n\n\n\n<figure class=\"wp-block-image size-large\"><img loading=\"lazy\" decoding=\"async\" width=\"1024\" height=\"768\" src=\"http:\/\/cyclades.e-samson.org\/wp-content\/uploads\/2020\/09\/interieur-eglise-1024x768.jpg\" alt=\"\" class=\"wp-image-288\" srcset=\"https:\/\/cyclades.e-samson.org\/wp-content\/uploads\/2020\/09\/interieur-eglise-1024x768.jpg 1024w, https:\/\/cyclades.e-samson.org\/wp-content\/uploads\/2020\/09\/interieur-eglise-300x225.jpg 300w, https:\/\/cyclades.e-samson.org\/wp-content\/uploads\/2020\/09\/interieur-eglise-768x576.jpg 768w, https:\/\/cyclades.e-samson.org\/wp-content\/uploads\/2020\/09\/interieur-eglise.jpg 1112w\" sizes=\"auto, (max-width: 1024px) 100vw, 1024px\" \/><figcaption>Dans la basilique<\/figcaption><\/figure>\n\n\n\n<figure class=\"wp-block-image size-large\"><img loading=\"lazy\" decoding=\"async\" width=\"626\" height=\"834\" src=\"http:\/\/cyclades.e-samson.org\/wp-content\/uploads\/2020\/09\/iconoclase.jpg\" alt=\"\" class=\"wp-image-289\" srcset=\"https:\/\/cyclades.e-samson.org\/wp-content\/uploads\/2020\/09\/iconoclase.jpg 626w, https:\/\/cyclades.e-samson.org\/wp-content\/uploads\/2020\/09\/iconoclase-225x300.jpg 225w\" sizes=\"auto, (max-width: 626px) 100vw, 626px\" \/><figcaption>Iconostase de marbre cisel\u00e9 et d\u00e9cor\u00e9<\/figcaption><\/figure>\n\n\n\n<figure class=\"wp-block-image size-large\"><img loading=\"lazy\" decoding=\"async\" width=\"626\" height=\"834\" src=\"http:\/\/cyclades.e-samson.org\/wp-content\/uploads\/2020\/09\/derriere-liconoclase.jpg\" alt=\"\" class=\"wp-image-290\" srcset=\"https:\/\/cyclades.e-samson.org\/wp-content\/uploads\/2020\/09\/derriere-liconoclase.jpg 626w, https:\/\/cyclades.e-samson.org\/wp-content\/uploads\/2020\/09\/derriere-liconoclase-225x300.jpg 225w\" sizes=\"auto, (max-width: 626px) 100vw, 626px\" \/><figcaption>Derri\u00e8re l&#8217;iconostase, un autel avec un ciborium (baldaquin) et un synthronon en forme d&#8217;amphith\u00e9atre pour le clerg\u00e9.<\/figcaption><\/figure>\n\n\n\n<figure class=\"wp-block-image size-large\"><img loading=\"lazy\" decoding=\"async\" width=\"626\" height=\"834\" src=\"http:\/\/cyclades.e-samson.org\/wp-content\/uploads\/2020\/09\/tresor-cache-2.jpg\" alt=\"\" class=\"wp-image-291\" srcset=\"https:\/\/cyclades.e-samson.org\/wp-content\/uploads\/2020\/09\/tresor-cache-2.jpg 626w, https:\/\/cyclades.e-samson.org\/wp-content\/uploads\/2020\/09\/tresor-cache-2-225x300.jpg 225w\" sizes=\"auto, (max-width: 626px) 100vw, 626px\" \/><figcaption>Derri\u00e8re l&#8217;iconostase de cette chapelle il y a des tresors cach\u00e9s<\/figcaption><\/figure>\n\n\n\n<figure class=\"wp-block-image size-large\"><img loading=\"lazy\" decoding=\"async\" width=\"626\" height=\"834\" src=\"http:\/\/cyclades.e-samson.org\/wp-content\/uploads\/2020\/09\/tresor-cache.jpg\" alt=\"\" class=\"wp-image-292\" srcset=\"https:\/\/cyclades.e-samson.org\/wp-content\/uploads\/2020\/09\/tresor-cache.jpg 626w, https:\/\/cyclades.e-samson.org\/wp-content\/uploads\/2020\/09\/tresor-cache-225x300.jpg 225w\" sizes=\"auto, (max-width: 626px) 100vw, 626px\" \/><\/figure>\n\n\n\n<figure class=\"wp-block-image size-large\"><img loading=\"lazy\" decoding=\"async\" width=\"1024\" height=\"768\" src=\"http:\/\/cyclades.e-samson.org\/wp-content\/uploads\/2020\/09\/porte-aux-pierres-agencees-1024x768.jpg\" alt=\"\" class=\"wp-image-293\" srcset=\"https:\/\/cyclades.e-samson.org\/wp-content\/uploads\/2020\/09\/porte-aux-pierres-agencees-1024x768.jpg 1024w, https:\/\/cyclades.e-samson.org\/wp-content\/uploads\/2020\/09\/porte-aux-pierres-agencees-300x225.jpg 300w, https:\/\/cyclades.e-samson.org\/wp-content\/uploads\/2020\/09\/porte-aux-pierres-agencees-768x576.jpg 768w, https:\/\/cyclades.e-samson.org\/wp-content\/uploads\/2020\/09\/porte-aux-pierres-agencees.jpg 1112w\" sizes=\"auto, (max-width: 1024px) 100vw, 1024px\" \/><figcaption>Les pierres du porche forment un cam\u00efeu admirable<\/figcaption><\/figure>\n\n\n\n<figure class=\"wp-block-image size-large is-resized\"><img loading=\"lazy\" decoding=\"async\" src=\"http:\/\/cyclades.e-samson.org\/wp-content\/uploads\/2020\/09\/pierres-sous-le-porche-1024x768.jpg\" alt=\"\" class=\"wp-image-294\" width=\"185\" height=\"139\" srcset=\"https:\/\/cyclades.e-samson.org\/wp-content\/uploads\/2020\/09\/pierres-sous-le-porche-1024x768.jpg 1024w, https:\/\/cyclades.e-samson.org\/wp-content\/uploads\/2020\/09\/pierres-sous-le-porche-300x225.jpg 300w, https:\/\/cyclades.e-samson.org\/wp-content\/uploads\/2020\/09\/pierres-sous-le-porche-768x576.jpg 768w, https:\/\/cyclades.e-samson.org\/wp-content\/uploads\/2020\/09\/pierres-sous-le-porche.jpg 1112w\" sizes=\"auto, (max-width: 185px) 100vw, 185px\" \/><\/figure>\n\n\n\n<p>Nous finissons notre visite par la tribune des femmes, situ\u00e9e \u00e0 l&#8217;\u00e9tage.<\/p>\n\n\n\n<figure class=\"wp-block-image size-large is-resized\"><img loading=\"lazy\" decoding=\"async\" src=\"http:\/\/cyclades.e-samson.org\/wp-content\/uploads\/2020\/09\/vue-den-haut.jpg\" alt=\"\" class=\"wp-image-298\" width=\"494\" height=\"657\" srcset=\"https:\/\/cyclades.e-samson.org\/wp-content\/uploads\/2020\/09\/vue-den-haut.jpg 626w, https:\/\/cyclades.e-samson.org\/wp-content\/uploads\/2020\/09\/vue-den-haut-225x300.jpg 225w\" sizes=\"auto, (max-width: 494px) 100vw, 494px\" \/><\/figure>\n\n\n\n<figure class=\"wp-block-image size-large\"><img loading=\"lazy\" decoding=\"async\" width=\"1024\" height=\"768\" src=\"http:\/\/cyclades.e-samson.org\/wp-content\/uploads\/2020\/09\/jerome-et-archi-en-haut-1024x768.jpg\" alt=\"\" class=\"wp-image-295\" srcset=\"https:\/\/cyclades.e-samson.org\/wp-content\/uploads\/2020\/09\/jerome-et-archi-en-haut-1024x768.jpg 1024w, https:\/\/cyclades.e-samson.org\/wp-content\/uploads\/2020\/09\/jerome-et-archi-en-haut-300x225.jpg 300w, https:\/\/cyclades.e-samson.org\/wp-content\/uploads\/2020\/09\/jerome-et-archi-en-haut-768x576.jpg 768w, https:\/\/cyclades.e-samson.org\/wp-content\/uploads\/2020\/09\/jerome-et-archi-en-haut.jpg 1112w\" sizes=\"auto, (max-width: 1024px) 100vw, 1024px\" \/><\/figure>\n\n\n\n<figure class=\"wp-block-image size-large\"><img loading=\"lazy\" decoding=\"async\" width=\"1024\" height=\"768\" src=\"http:\/\/cyclades.e-samson.org\/wp-content\/uploads\/2020\/09\/clementine-en-haut-1024x768.jpg\" alt=\"\" class=\"wp-image-296\" srcset=\"https:\/\/cyclades.e-samson.org\/wp-content\/uploads\/2020\/09\/clementine-en-haut-1024x768.jpg 1024w, https:\/\/cyclades.e-samson.org\/wp-content\/uploads\/2020\/09\/clementine-en-haut-300x225.jpg 300w, https:\/\/cyclades.e-samson.org\/wp-content\/uploads\/2020\/09\/clementine-en-haut-768x576.jpg 768w, https:\/\/cyclades.e-samson.org\/wp-content\/uploads\/2020\/09\/clementine-en-haut.jpg 1112w\" sizes=\"auto, (max-width: 1024px) 100vw, 1024px\" \/><\/figure>\n\n\n\n<figure class=\"wp-block-image size-large\"><img loading=\"lazy\" decoding=\"async\" width=\"1024\" height=\"768\" src=\"http:\/\/cyclades.e-samson.org\/wp-content\/uploads\/2020\/09\/IMG_0835-1024x768.jpg\" alt=\"\" class=\"wp-image-305\" srcset=\"https:\/\/cyclades.e-samson.org\/wp-content\/uploads\/2020\/09\/IMG_0835-1024x768.jpg 1024w, https:\/\/cyclades.e-samson.org\/wp-content\/uploads\/2020\/09\/IMG_0835-300x225.jpg 300w, https:\/\/cyclades.e-samson.org\/wp-content\/uploads\/2020\/09\/IMG_0835-768x576.jpg 768w, https:\/\/cyclades.e-samson.org\/wp-content\/uploads\/2020\/09\/IMG_0835.jpg 1112w\" sizes=\"auto, (max-width: 1024px) 100vw, 1024px\" \/><figcaption>Nous ne nous lassons pas des voutes de pierre aux tons rouges, verts, bleus,gris.<\/figcaption><\/figure>\n\n\n\n<p>A 15h30 tout le monde \u00e9tait fatigu\u00e9 et affam\u00e9, nous avons pris des gyros &#8220;\u00e0 emporter&#8221; que nous avons accompagn\u00e9s d&#8217;une salade de tomate et de concombre que Cl\u00e9mentine nous a pr\u00e9par\u00e9.<\/p>\n\n\n\n<p>Se fut ensuite le &#8220;temps calme&#8221; qui a permis aux plus fatigu\u00e9s d&#8217;entre nous de faire la sieste, puis de mettre \u00e0 jour les &#8220;cahiers&#8221;. Joachim, Elo\u00efse et Cl\u00e9mentine ont chacun \u00e0 leur mani\u00e8re racont\u00e9 leur visite de Delos.<\/p>\n\n\n\n<figure class=\"wp-block-image size-large\"><img loading=\"lazy\" decoding=\"async\" width=\"644\" height=\"834\" src=\"http:\/\/cyclades.e-samson.org\/wp-content\/uploads\/2020\/09\/2020-09-15_013624.jpg\" alt=\"\" class=\"wp-image-299\" srcset=\"https:\/\/cyclades.e-samson.org\/wp-content\/uploads\/2020\/09\/2020-09-15_013624.jpg 644w, https:\/\/cyclades.e-samson.org\/wp-content\/uploads\/2020\/09\/2020-09-15_013624-232x300.jpg 232w\" sizes=\"auto, (max-width: 644px) 100vw, 644px\" \/><figcaption>Texte d&#8217;Elo\u00efse<\/figcaption><\/figure>\n\n\n\n<figure class=\"wp-block-image size-large\"><img loading=\"lazy\" decoding=\"async\" width=\"614\" height=\"834\" src=\"http:\/\/cyclades.e-samson.org\/wp-content\/uploads\/2020\/09\/2020-09-15_013624_1.jpg\" alt=\"\" class=\"wp-image-300\" srcset=\"https:\/\/cyclades.e-samson.org\/wp-content\/uploads\/2020\/09\/2020-09-15_013624_1.jpg 614w, https:\/\/cyclades.e-samson.org\/wp-content\/uploads\/2020\/09\/2020-09-15_013624_1-221x300.jpg 221w\" sizes=\"auto, (max-width: 614px) 100vw, 614px\" \/><figcaption>Illustration l\u00e9gend\u00e9e par Elo\u00efse<\/figcaption><\/figure>\n\n\n\n<figure class=\"wp-block-image size-large\"><img loading=\"lazy\" decoding=\"async\" width=\"623\" height=\"834\" src=\"http:\/\/cyclades.e-samson.org\/wp-content\/uploads\/2020\/09\/2020-09-15_013624_2.jpg\" alt=\"\" class=\"wp-image-301\" srcset=\"https:\/\/cyclades.e-samson.org\/wp-content\/uploads\/2020\/09\/2020-09-15_013624_2.jpg 623w, https:\/\/cyclades.e-samson.org\/wp-content\/uploads\/2020\/09\/2020-09-15_013624_2-224x300.jpg 224w\" sizes=\"auto, (max-width: 623px) 100vw, 623px\" \/><figcaption>Texte de Cl\u00e9mentine<\/figcaption><\/figure>\n\n\n\n<p>Finalement nous sommes ressortis \u00e0 la fraiche, les enfants avaient tr\u00e8s envie de se m\u00ealer aux enfants d&#8217;ici sur l&#8217;aire de jeux de la place principale puis nous avons pouss\u00e9 notre promenade un peu plus loin que ce matin, admirant les nombreuses chapelles et \u00e9glises. <\/p>\n\n\n\n<figure class=\"wp-block-image size-large\"><img loading=\"lazy\" decoding=\"async\" width=\"626\" height=\"834\" src=\"http:\/\/cyclades.e-samson.org\/wp-content\/uploads\/2020\/09\/IMG_0860.jpg\" alt=\"\" class=\"wp-image-302\" srcset=\"https:\/\/cyclades.e-samson.org\/wp-content\/uploads\/2020\/09\/IMG_0860.jpg 626w, https:\/\/cyclades.e-samson.org\/wp-content\/uploads\/2020\/09\/IMG_0860-225x300.jpg 225w\" sizes=\"auto, (max-width: 626px) 100vw, 626px\" \/><figcaption>La seule photo de l&#8217;aire de jeu nous \u00e9tions trop occup\u00e9s \u00e0 surveiller ce petit intr\u00e9pide<\/figcaption><\/figure>\n\n\n\n<figure class=\"wp-block-image size-large\"><img loading=\"lazy\" decoding=\"async\" width=\"626\" height=\"834\" src=\"http:\/\/cyclades.e-samson.org\/wp-content\/uploads\/2020\/09\/chapelle-2.jpg\" alt=\"\" class=\"wp-image-269\" srcset=\"https:\/\/cyclades.e-samson.org\/wp-content\/uploads\/2020\/09\/chapelle-2.jpg 626w, https:\/\/cyclades.e-samson.org\/wp-content\/uploads\/2020\/09\/chapelle-2-225x300.jpg 225w\" sizes=\"auto, (max-width: 626px) 100vw, 626px\" \/><\/figure>\n\n\n\n<figure class=\"wp-block-image size-large is-resized\"><img loading=\"lazy\" decoding=\"async\" src=\"http:\/\/cyclades.e-samson.org\/wp-content\/uploads\/2020\/09\/eglise-nuit.jpg\" alt=\"\" class=\"wp-image-270\" width=\"593\" height=\"790\" srcset=\"https:\/\/cyclades.e-samson.org\/wp-content\/uploads\/2020\/09\/eglise-nuit.jpg 626w, https:\/\/cyclades.e-samson.org\/wp-content\/uploads\/2020\/09\/eglise-nuit-225x300.jpg 225w\" sizes=\"auto, (max-width: 593px) 100vw, 593px\" \/><\/figure>\n\n\n\n<figure class=\"wp-block-image size-large\"><img loading=\"lazy\" decoding=\"async\" width=\"626\" height=\"834\" src=\"http:\/\/cyclades.e-samson.org\/wp-content\/uploads\/2020\/09\/chapelle-sainte-anna.jpg\" alt=\"\" class=\"wp-image-271\" srcset=\"https:\/\/cyclades.e-samson.org\/wp-content\/uploads\/2020\/09\/chapelle-sainte-anna.jpg 626w, https:\/\/cyclades.e-samson.org\/wp-content\/uploads\/2020\/09\/chapelle-sainte-anna-225x300.jpg 225w\" sizes=\"auto, (max-width: 626px) 100vw, 626px\" \/><figcaption>Chapelle Sainte Anne<\/figcaption><\/figure>\n\n\n\n<figure class=\"wp-block-image size-large is-resized\"><img loading=\"lazy\" decoding=\"async\" src=\"http:\/\/cyclades.e-samson.org\/wp-content\/uploads\/2020\/09\/bateau-dulysse-1024x732.jpg\" alt=\"\" class=\"wp-image-272\" width=\"577\" height=\"412\" srcset=\"https:\/\/cyclades.e-samson.org\/wp-content\/uploads\/2020\/09\/bateau-dulysse-1024x732.jpg 1024w, https:\/\/cyclades.e-samson.org\/wp-content\/uploads\/2020\/09\/bateau-dulysse-300x215.jpg 300w, https:\/\/cyclades.e-samson.org\/wp-content\/uploads\/2020\/09\/bateau-dulysse-768x549.jpg 768w, https:\/\/cyclades.e-samson.org\/wp-content\/uploads\/2020\/09\/bateau-dulysse.jpg 1166w\" sizes=\"auto, (max-width: 577px) 100vw, 577px\" \/><figcaption>Gravure au sol devant la chapelle Sainte Anne, Elo\u00efse se demande s&#8217;il ne s&#8217;agirait pas d&#8217;une repr\u00e9sentation du bateau d&#8217;Ulysse&#8230;<\/figcaption><\/figure>\n\n\n\n<p>Le retour par le front de mer nous a permis de constater que les nombreuses terrasses sont bien vides. <\/p>\n\n\n\n<figure class=\"wp-block-image size-large\"><img loading=\"lazy\" decoding=\"async\" width=\"1024\" height=\"769\" src=\"http:\/\/cyclades.e-samson.org\/wp-content\/uploads\/2020\/09\/terrasses-de-front-de-mer-vides-1024x769.jpg\" alt=\"\" class=\"wp-image-267\" srcset=\"https:\/\/cyclades.e-samson.org\/wp-content\/uploads\/2020\/09\/terrasses-de-front-de-mer-vides-1024x769.jpg 1024w, https:\/\/cyclades.e-samson.org\/wp-content\/uploads\/2020\/09\/terrasses-de-front-de-mer-vides-300x225.jpg 300w, https:\/\/cyclades.e-samson.org\/wp-content\/uploads\/2020\/09\/terrasses-de-front-de-mer-vides-768x577.jpg 768w, https:\/\/cyclades.e-samson.org\/wp-content\/uploads\/2020\/09\/terrasses-de-front-de-mer-vides.jpg 1110w\" sizes=\"auto, (max-width: 1024px) 100vw, 1024px\" \/><\/figure>\n\n\n\n<p>Evidemment les gens ne se plaignent pas mais quand nous les interrogeons, ils disent sans d\u00e9tour que les touristes allemands ou fran\u00e7ais venus &#8220;malgr\u00e9 le covid&#8221; ne remplacent pas tout les visiteurs chinois, japonais, argentins, br\u00e9siliens, am\u00e9ricains ou m\u00eame anglais qui n&#8217;ont pas pu venir. Tout le monde esp\u00e8re maintenant que l&#8217;ann\u00e9e prochaine sera meilleure.<\/p>\n\n\n\n<p>Des fleurs parmi les fleurs \ud83d\ude09<\/p>\n\n\n\n<figure class=\"wp-block-image size-large\"><img loading=\"lazy\" decoding=\"async\" width=\"1024\" height=\"768\" src=\"http:\/\/cyclades.e-samson.org\/wp-content\/uploads\/2020\/09\/eloise-hibiscus-1024x768.jpg\" alt=\"\" class=\"wp-image-303\" srcset=\"https:\/\/cyclades.e-samson.org\/wp-content\/uploads\/2020\/09\/eloise-hibiscus-1024x768.jpg 1024w, https:\/\/cyclades.e-samson.org\/wp-content\/uploads\/2020\/09\/eloise-hibiscus-300x225.jpg 300w, https:\/\/cyclades.e-samson.org\/wp-content\/uploads\/2020\/09\/eloise-hibiscus-768x576.jpg 768w, https:\/\/cyclades.e-samson.org\/wp-content\/uploads\/2020\/09\/eloise-hibiscus.jpg 1112w\" sizes=\"auto, (max-width: 1024px) 100vw, 1024px\" \/><figcaption>Elo\u00efse et l&#8217;hibiscus<\/figcaption><\/figure>\n\n\n\n<figure class=\"wp-block-image size-large\"><img loading=\"lazy\" decoding=\"async\" width=\"626\" height=\"834\" src=\"http:\/\/cyclades.e-samson.org\/wp-content\/uploads\/2020\/09\/clementine-et-jasmin.jpg\" alt=\"\" class=\"wp-image-304\" srcset=\"https:\/\/cyclades.e-samson.org\/wp-content\/uploads\/2020\/09\/clementine-et-jasmin.jpg 626w, https:\/\/cyclades.e-samson.org\/wp-content\/uploads\/2020\/09\/clementine-et-jasmin-225x300.jpg 225w\" sizes=\"auto, (max-width: 626px) 100vw, 626px\" \/><figcaption> Cl\u00e9mentine et le jasmin<\/figcaption><\/figure>\n\n\n\n<figure class=\"wp-block-image size-large\"><img loading=\"lazy\" decoding=\"async\" width=\"626\" height=\"834\" src=\"http:\/\/cyclades.e-samson.org\/wp-content\/uploads\/2020\/09\/ruelle-hibiscus.jpg\" alt=\"\" class=\"wp-image-275\" srcset=\"https:\/\/cyclades.e-samson.org\/wp-content\/uploads\/2020\/09\/ruelle-hibiscus.jpg 626w, https:\/\/cyclades.e-samson.org\/wp-content\/uploads\/2020\/09\/ruelle-hibiscus-225x300.jpg 225w\" sizes=\"auto, (max-width: 626px) 100vw, 626px\" \/><figcaption>Je vous salue de sous le Bougainviller<\/figcaption><\/figure>\n\n\n\n<p>Kalinichta !<\/p>\n","protected":false},"excerpt":{"rendered":"<p>Kalimera, Lors de mon dernier article je vous parlais de ce fameux itin\u00e9raire, sujet aux changements li\u00e9s \u00e0 la m\u00e9t\u00e9o et aux besoins de l&#8217;\u00e9quipage et de son v\u00e9hicule. Plus ou moins d\u00e9fini il y &hellip; <\/p>\n","protected":false},"author":1,"featured_media":310,"comment_status":"open","ping_status":"open","sticky":false,"template":"","format":"standard","meta":{"_s2mail":"yes","_jetpack_memberships_contains_paid_content":false,"footnotes":"","jetpack_publicize_message":"","jetpack_publicize_feature_enabled":true,"jetpack_social_post_already_shared":false,"jetpack_social_options":{"image_generator_settings":{"template":"highway","default_image_id":0,"font":"","enabled":false},"version":2}},"categories":[38,1],"tags":[14,4],"class_list":["post-266","post","type-post","status-publish","format-standard","has-post-thumbnail","hentry","category-2020-cyclades-en-voilier","category-voyages","tag-anne-laure","tag-journal-de-bord"],"geo":{"latitude":37.0873375,"longitude":25.1519775,"description":null},"jetpack_publicize_connections":[],"jetpack_featured_media_url":"https:\/\/cyclades.e-samson.org\/wp-content\/uploads\/2020\/09\/magnifique-vierge-a-lenfant.jpg","jetpack_sharing_enabled":true,"_links":{"self":[{"href":"https:\/\/cyclades.e-samson.org\/index.php?rest_route=\/wp\/v2\/posts\/266","targetHints":{"allow":["GET"]}}],"collection":[{"href":"https:\/\/cyclades.e-samson.org\/index.php?rest_route=\/wp\/v2\/posts"}],"about":[{"href":"https:\/\/cyclades.e-samson.org\/index.php?rest_route=\/wp\/v2\/types\/post"}],"author":[{"embeddable":true,"href":"https:\/\/cyclades.e-samson.org\/index.php?rest_route=\/wp\/v2\/users\/1"}],"replies":[{"embeddable":true,"href":"https:\/\/cyclades.e-samson.org\/index.php?rest_route=%2Fwp%2Fv2%2Fcomments&post=266"}],"version-history":[{"count":2,"href":"https:\/\/cyclades.e-samson.org\/index.php?rest_route=\/wp\/v2\/posts\/266\/revisions"}],"predecessor-version":[{"id":309,"href":"https:\/\/cyclades.e-samson.org\/index.php?rest_route=\/wp\/v2\/posts\/266\/revisions\/309"}],"wp:featuredmedia":[{"embeddable":true,"href":"https:\/\/cyclades.e-samson.org\/index.php?rest_route=\/wp\/v2\/media\/310"}],"wp:attachment":[{"href":"https:\/\/cyclades.e-samson.org\/index.php?rest_route=%2Fwp%2Fv2%2Fmedia&parent=266"}],"wp:term":[{"taxonomy":"category","embeddable":true,"href":"https:\/\/cyclades.e-samson.org\/index.php?rest_route=%2Fwp%2Fv2%2Fcategories&post=266"},{"taxonomy":"post_tag","embeddable":true,"href":"https:\/\/cyclades.e-samson.org\/index.php?rest_route=%2Fwp%2Fv2%2Ftags&post=266"}],"curies":[{"name":"wp","href":"https:\/\/api.w.org\/{rel}","templated":true}]}}