{"id":2276,"date":"2022-08-20T00:04:08","date_gmt":"2022-08-19T22:04:08","guid":{"rendered":"https:\/\/cyclades.e-samson.org\/?p=2276"},"modified":"2023-02-16T15:39:44","modified_gmt":"2023-02-16T14:39:44","slug":"j13-on-retente-le-combo-marche-puis-baignade","status":"publish","type":"post","link":"https:\/\/cyclades.e-samson.org\/?p=2276","title":{"rendered":"J13 On retente le combo march\u00e9 puis baignade."},"content":{"rendered":"\n<p>Souvenez-vous je vous ai \u00e0 peine parl\u00e9 du march\u00e9 de Vienne. Soi disant incontournable selon les guides, beaucoup moins selon les avis TripAdvisor et clairement tr\u00e8s peu int\u00e9ressant selon notre avis. Nous avions ensuite encha\u00een\u00e9 avec les lieux de baignade viennois \u00e0 c\u00f4t\u00e9 et dans le Danube.<\/p>\n\n\n\n<p>Et bien le march\u00e9 de Budapest est beaucoup mieux et \u00e0 Budapest si on ne se baigne pas dans le Danube il y a une tradition de baignade thermale. Comme la plupart des &#8220;bains&#8221; sont d\u00e9conseill\u00e9s aux moins de 14 ans nous avons choisi de nous rendre sur l&#8217;Ile Marguerite o\u00f9 il s&#8217;agit plut\u00f4t d&#8217;un ensemble de piscines en plein air.<\/p>\n\n\n\n<p>Tout d&#8217;abord le march\u00e9. Pour s&#8217;y rendre nous avons pu prendre le tram qui longe le Danube tout pr\u00e8s de notre appartement.<\/p>\n\n\n\n<figure class=\"wp-block-image size-large\"><a href=\"https:\/\/cyclades.e-samson.org\/wp-content\/uploads\/2022\/08\/20220819_104910-scaled.jpg\"><img loading=\"lazy\" decoding=\"async\" width=\"461\" height=\"1024\" src=\"https:\/\/cyclades.e-samson.org\/wp-content\/uploads\/2022\/08\/20220819_104910-461x1024.jpg\" alt=\"\" class=\"wp-image-2277\" srcset=\"https:\/\/cyclades.e-samson.org\/wp-content\/uploads\/2022\/08\/20220819_104910-461x1024.jpg 461w, https:\/\/cyclades.e-samson.org\/wp-content\/uploads\/2022\/08\/20220819_104910-135x300.jpg 135w, https:\/\/cyclades.e-samson.org\/wp-content\/uploads\/2022\/08\/20220819_104910-768x1707.jpg 768w, https:\/\/cyclades.e-samson.org\/wp-content\/uploads\/2022\/08\/20220819_104910-691x1536.jpg 691w, https:\/\/cyclades.e-samson.org\/wp-content\/uploads\/2022\/08\/20220819_104910-922x2048.jpg 922w, https:\/\/cyclades.e-samson.org\/wp-content\/uploads\/2022\/08\/20220819_104910-scaled.jpg 1152w\" sizes=\"auto, (max-width: 461px) 100vw, 461px\" \/><\/a><figcaption>Vue du tram sur Buda<\/figcaption><\/figure>\n\n\n\n<figure class=\"wp-block-image size-large\"><a href=\"https:\/\/cyclades.e-samson.org\/wp-content\/uploads\/2022\/08\/20220819_110130-scaled.jpg\"><img loading=\"lazy\" decoding=\"async\" width=\"461\" height=\"1024\" src=\"https:\/\/cyclades.e-samson.org\/wp-content\/uploads\/2022\/08\/20220819_110130-461x1024.jpg\" alt=\"\" class=\"wp-image-2278\" srcset=\"https:\/\/cyclades.e-samson.org\/wp-content\/uploads\/2022\/08\/20220819_110130-461x1024.jpg 461w, https:\/\/cyclades.e-samson.org\/wp-content\/uploads\/2022\/08\/20220819_110130-135x300.jpg 135w, https:\/\/cyclades.e-samson.org\/wp-content\/uploads\/2022\/08\/20220819_110130-768x1707.jpg 768w, https:\/\/cyclades.e-samson.org\/wp-content\/uploads\/2022\/08\/20220819_110130-691x1536.jpg 691w, https:\/\/cyclades.e-samson.org\/wp-content\/uploads\/2022\/08\/20220819_110130-922x2048.jpg 922w, https:\/\/cyclades.e-samson.org\/wp-content\/uploads\/2022\/08\/20220819_110130-scaled.jpg 1152w\" sizes=\"auto, (max-width: 461px) 100vw, 461px\" \/><\/a><figcaption>Le b\u00e2timent des halles est joli de l&#8217;ext\u00e9rieur<\/figcaption><\/figure>\n\n\n\n<figure class=\"wp-block-image size-large\"><a href=\"https:\/\/cyclades.e-samson.org\/wp-content\/uploads\/2022\/08\/20220819_111551-scaled.jpg\"><img loading=\"lazy\" decoding=\"async\" width=\"461\" height=\"1024\" src=\"https:\/\/cyclades.e-samson.org\/wp-content\/uploads\/2022\/08\/20220819_111551-461x1024.jpg\" alt=\"\" class=\"wp-image-2279\" srcset=\"https:\/\/cyclades.e-samson.org\/wp-content\/uploads\/2022\/08\/20220819_111551-461x1024.jpg 461w, https:\/\/cyclades.e-samson.org\/wp-content\/uploads\/2022\/08\/20220819_111551-135x300.jpg 135w, https:\/\/cyclades.e-samson.org\/wp-content\/uploads\/2022\/08\/20220819_111551-768x1707.jpg 768w, https:\/\/cyclades.e-samson.org\/wp-content\/uploads\/2022\/08\/20220819_111551-691x1536.jpg 691w, https:\/\/cyclades.e-samson.org\/wp-content\/uploads\/2022\/08\/20220819_111551-922x2048.jpg 922w, https:\/\/cyclades.e-samson.org\/wp-content\/uploads\/2022\/08\/20220819_111551-scaled.jpg 1152w\" sizes=\"auto, (max-width: 461px) 100vw, 461px\" \/><\/a><figcaption>La toiture est pas mal aussi vu de l&#8217;int\u00e9rieur<\/figcaption><\/figure>\n\n\n\n<figure class=\"wp-block-image size-large\"><img loading=\"lazy\" decoding=\"async\" width=\"768\" height=\"1024\" src=\"https:\/\/cyclades.e-samson.org\/wp-content\/uploads\/2022\/08\/img_1674-768x1024.jpg\" alt=\"\" class=\"wp-image-2319\" srcset=\"https:\/\/cyclades.e-samson.org\/wp-content\/uploads\/2022\/08\/img_1674-768x1024.jpg 768w, https:\/\/cyclades.e-samson.org\/wp-content\/uploads\/2022\/08\/img_1674-225x300.jpg 225w, https:\/\/cyclades.e-samson.org\/wp-content\/uploads\/2022\/08\/img_1674-1152x1536.jpg 1152w, https:\/\/cyclades.e-samson.org\/wp-content\/uploads\/2022\/08\/img_1674-1536x2048.jpg 1536w, https:\/\/cyclades.e-samson.org\/wp-content\/uploads\/2022\/08\/img_1674-scaled.jpg 1920w\" sizes=\"auto, (max-width: 768px) 100vw, 768px\" \/><figcaption>Paprika en pagaille !<\/figcaption><\/figure>\n\n\n\n<figure class=\"wp-block-image size-large\"><img loading=\"lazy\" decoding=\"async\" width=\"768\" height=\"1024\" src=\"https:\/\/cyclades.e-samson.org\/wp-content\/uploads\/2022\/08\/img_1676-768x1024.jpg\" alt=\"\" class=\"wp-image-2320\" srcset=\"https:\/\/cyclades.e-samson.org\/wp-content\/uploads\/2022\/08\/img_1676-768x1024.jpg 768w, https:\/\/cyclades.e-samson.org\/wp-content\/uploads\/2022\/08\/img_1676-225x300.jpg 225w, https:\/\/cyclades.e-samson.org\/wp-content\/uploads\/2022\/08\/img_1676-1152x1536.jpg 1152w, https:\/\/cyclades.e-samson.org\/wp-content\/uploads\/2022\/08\/img_1676-1536x2048.jpg 1536w, https:\/\/cyclades.e-samson.org\/wp-content\/uploads\/2022\/08\/img_1676-scaled.jpg 1920w\" sizes=\"auto, (max-width: 768px) 100vw, 768px\" \/><figcaption>Charcuteries en tous genres<\/figcaption><\/figure>\n\n\n\n<figure class=\"wp-block-image size-large\"><img loading=\"lazy\" decoding=\"async\" width=\"1024\" height=\"768\" src=\"https:\/\/cyclades.e-samson.org\/wp-content\/uploads\/2022\/08\/img_1683-1024x768.jpg\" alt=\"\" class=\"wp-image-2321\" srcset=\"https:\/\/cyclades.e-samson.org\/wp-content\/uploads\/2022\/08\/img_1683-1024x768.jpg 1024w, https:\/\/cyclades.e-samson.org\/wp-content\/uploads\/2022\/08\/img_1683-300x225.jpg 300w, https:\/\/cyclades.e-samson.org\/wp-content\/uploads\/2022\/08\/img_1683-768x576.jpg 768w, https:\/\/cyclades.e-samson.org\/wp-content\/uploads\/2022\/08\/img_1683-1536x1152.jpg 1536w, https:\/\/cyclades.e-samson.org\/wp-content\/uploads\/2022\/08\/img_1683-2048x1536.jpg 2048w\" sizes=\"auto, (max-width: 1024px) 100vw, 1024px\" \/><figcaption>L\u2019une des sp\u00e9cialit\u00e9s de street food de Hongrie &#8211; c\u2019est bon mais c\u2019est un peu gras !<\/figcaption><\/figure>\n\n\n\n<figure class=\"wp-block-image size-large\"><img loading=\"lazy\" decoding=\"async\" width=\"768\" height=\"1024\" src=\"https:\/\/cyclades.e-samson.org\/wp-content\/uploads\/2022\/08\/img_1684-768x1024.jpg\" alt=\"\" class=\"wp-image-2322\" srcset=\"https:\/\/cyclades.e-samson.org\/wp-content\/uploads\/2022\/08\/img_1684-768x1024.jpg 768w, https:\/\/cyclades.e-samson.org\/wp-content\/uploads\/2022\/08\/img_1684-225x300.jpg 225w, https:\/\/cyclades.e-samson.org\/wp-content\/uploads\/2022\/08\/img_1684-1152x1536.jpg 1152w, https:\/\/cyclades.e-samson.org\/wp-content\/uploads\/2022\/08\/img_1684-1536x2048.jpg 1536w, https:\/\/cyclades.e-samson.org\/wp-content\/uploads\/2022\/08\/img_1684-scaled.jpg 1920w\" sizes=\"auto, (max-width: 768px) 100vw, 768px\" \/><\/figure>\n\n\n\n<figure class=\"wp-block-gallery has-nested-images columns-default is-cropped wp-block-gallery-1 is-layout-flex wp-block-gallery-is-layout-flex\">\n<figure class=\"wp-block-image size-large\"><a href=\"https:\/\/cyclades.e-samson.org\/wp-content\/uploads\/2022\/08\/20220819_111622-scaled.jpg\"><img loading=\"lazy\" decoding=\"async\" width=\"1024\" height=\"461\" data-id=\"2281\" src=\"https:\/\/cyclades.e-samson.org\/wp-content\/uploads\/2022\/08\/20220819_111622-1024x461.jpg\" alt=\"\" class=\"wp-image-2281\" srcset=\"https:\/\/cyclades.e-samson.org\/wp-content\/uploads\/2022\/08\/20220819_111622-1024x461.jpg 1024w, https:\/\/cyclades.e-samson.org\/wp-content\/uploads\/2022\/08\/20220819_111622-300x135.jpg 300w, https:\/\/cyclades.e-samson.org\/wp-content\/uploads\/2022\/08\/20220819_111622-768x346.jpg 768w, https:\/\/cyclades.e-samson.org\/wp-content\/uploads\/2022\/08\/20220819_111622-1536x691.jpg 1536w, https:\/\/cyclades.e-samson.org\/wp-content\/uploads\/2022\/08\/20220819_111622-2048x922.jpg 2048w\" sizes=\"auto, (max-width: 1024px) 100vw, 1024px\" \/><\/a><\/figure>\n<\/figure>\n\n\n\n<figure class=\"wp-block-image size-large\"><a href=\"https:\/\/cyclades.e-samson.org\/wp-content\/uploads\/2022\/08\/20220819_110842-scaled.jpg\"><img loading=\"lazy\" decoding=\"async\" width=\"1024\" height=\"461\" src=\"https:\/\/cyclades.e-samson.org\/wp-content\/uploads\/2022\/08\/20220819_110842-1024x461.jpg\" alt=\"\" class=\"wp-image-2280\" srcset=\"https:\/\/cyclades.e-samson.org\/wp-content\/uploads\/2022\/08\/20220819_110842-1024x461.jpg 1024w, https:\/\/cyclades.e-samson.org\/wp-content\/uploads\/2022\/08\/20220819_110842-300x135.jpg 300w, https:\/\/cyclades.e-samson.org\/wp-content\/uploads\/2022\/08\/20220819_110842-768x346.jpg 768w, https:\/\/cyclades.e-samson.org\/wp-content\/uploads\/2022\/08\/20220819_110842-1536x691.jpg 1536w, https:\/\/cyclades.e-samson.org\/wp-content\/uploads\/2022\/08\/20220819_110842-2048x922.jpg 2048w\" sizes=\"auto, (max-width: 1024px) 100vw, 1024px\" \/><\/a><figcaption>Poissonnerie avec bassin de carpes en sous sol<\/figcaption><\/figure>\n\n\n\n<p>Il y a des magasins de souvenirs (Cl\u00e9mentine s&#8217;est choisi un porte-cl\u00e9) mais surtout beaucoup de commerces de bouche : boucherie, charcuterie, fruits et l\u00e9gumes, boulangerie, p\u00e2tisserie. Nous achetons encore des Strudels, du pain, quelques tomates et fruits pour l&#8217;apr\u00e8s midi. Dans les kiosques nous go\u00fbtons 3 sp\u00e9cialit\u00e9s les Langos, les cr\u00eapes d&#8217;ici qui s&#8217;appelent comme en Croatie (Palintchink\u00e9) et des saucisses certainement au Paprika.<\/p>\n\n\n\n<p>Il fait tellement chaud que nous sommes bien contents d&#8217;avoir pr\u00e9vu baignade pour le reste de la journ\u00e9e. Nous cafouillons un peu sur le choix des transports en commun. Ce qui nous donne l&#8217;occasion de reprendre le m\u00e9tro puis le tram pour nous rendre sur l&#8217;Ile Marguerite. Appel\u00e9e Margit-sziget en hongrois.<\/p>\n\n\n\n<figure class=\"wp-block-image size-large is-resized\"><a href=\"https:\/\/cyclades.e-samson.org\/wp-content\/uploads\/2022\/08\/20220819_123034-scaled.jpg\"><img loading=\"lazy\" decoding=\"async\" src=\"https:\/\/cyclades.e-samson.org\/wp-content\/uploads\/2022\/08\/20220819_123034-1024x461.jpg\" alt=\"\" class=\"wp-image-2285\" width=\"331\" height=\"149\" srcset=\"https:\/\/cyclades.e-samson.org\/wp-content\/uploads\/2022\/08\/20220819_123034-1024x461.jpg 1024w, https:\/\/cyclades.e-samson.org\/wp-content\/uploads\/2022\/08\/20220819_123034-300x135.jpg 300w, https:\/\/cyclades.e-samson.org\/wp-content\/uploads\/2022\/08\/20220819_123034-768x346.jpg 768w, https:\/\/cyclades.e-samson.org\/wp-content\/uploads\/2022\/08\/20220819_123034-1536x691.jpg 1536w, https:\/\/cyclades.e-samson.org\/wp-content\/uploads\/2022\/08\/20220819_123034-2048x922.jpg 2048w\" sizes=\"auto, (max-width: 331px) 100vw, 331px\" \/><\/a><figcaption>\u00c9lo\u00efse trouve que le m\u00e9tro a l&#8217;air tout neuf<\/figcaption><\/figure>\n\n\n\n<figure class=\"wp-block-image size-large\"><img loading=\"lazy\" decoding=\"async\" width=\"768\" height=\"1024\" src=\"https:\/\/cyclades.e-samson.org\/wp-content\/uploads\/2022\/08\/img_1689-768x1024.jpg\" alt=\"\" class=\"wp-image-2323\" srcset=\"https:\/\/cyclades.e-samson.org\/wp-content\/uploads\/2022\/08\/img_1689-768x1024.jpg 768w, https:\/\/cyclades.e-samson.org\/wp-content\/uploads\/2022\/08\/img_1689-225x300.jpg 225w, https:\/\/cyclades.e-samson.org\/wp-content\/uploads\/2022\/08\/img_1689-1152x1536.jpg 1152w, https:\/\/cyclades.e-samson.org\/wp-content\/uploads\/2022\/08\/img_1689-1536x2048.jpg 1536w, https:\/\/cyclades.e-samson.org\/wp-content\/uploads\/2022\/08\/img_1689-scaled.jpg 1920w\" sizes=\"auto, (max-width: 768px) 100vw, 768px\" \/><figcaption>Pour acc\u00e9der au m\u00e9tro : un ascenseur funiculaire !<\/figcaption><\/figure>\n\n\n\n<figure class=\"wp-block-video\"><video height=\"480\" style=\"aspect-ratio: 848 \/ 480;\" width=\"848\" controls src=\"https:\/\/cyclades.e-samson.org\/wp-content\/uploads\/2022\/08\/VID-20220820-WA0000.mp4\"><\/video><figcaption>Fontaine musicale<\/figcaption><\/figure>\n\n\n\n<figure class=\"wp-block-image size-large\"><a href=\"https:\/\/cyclades.e-samson.org\/wp-content\/uploads\/2022\/08\/20220819_132335-scaled.jpg\"><img loading=\"lazy\" decoding=\"async\" width=\"461\" height=\"1024\" src=\"https:\/\/cyclades.e-samson.org\/wp-content\/uploads\/2022\/08\/20220819_132335-461x1024.jpg\" alt=\"\" class=\"wp-image-2290\" srcset=\"https:\/\/cyclades.e-samson.org\/wp-content\/uploads\/2022\/08\/20220819_132335-461x1024.jpg 461w, https:\/\/cyclades.e-samson.org\/wp-content\/uploads\/2022\/08\/20220819_132335-135x300.jpg 135w, https:\/\/cyclades.e-samson.org\/wp-content\/uploads\/2022\/08\/20220819_132335-768x1707.jpg 768w, https:\/\/cyclades.e-samson.org\/wp-content\/uploads\/2022\/08\/20220819_132335-691x1536.jpg 691w, https:\/\/cyclades.e-samson.org\/wp-content\/uploads\/2022\/08\/20220819_132335-922x2048.jpg 922w, https:\/\/cyclades.e-samson.org\/wp-content\/uploads\/2022\/08\/20220819_132335-scaled.jpg 1152w\" sizes=\"auto, (max-width: 461px) 100vw, 461px\" \/><\/a><figcaption>L&#8217;\u00eele est presque sans voiture. Bien arbor\u00e9e cela doit etre agr\u00e9able de s&#8217;y promener quand il fait moins chaud<\/figcaption><\/figure>\n\n\n\n<p>Avec 37 degr\u00e9s pr\u00e9vus \u00e0 l&#8217;ombre nous avons bien profit\u00e9 des differents bassins. Je laisse les enfants vous raconter demain (ce soir ils sont couch\u00e9s) cette partie de la journ\u00e9e.<\/p>\n\n\n\n<p>Au fur et \u00e0 mesure de l&#8217;apr\u00e8s midi le ciel se charge et il fait d\u00e9j\u00e0 plus frais lorsque nous quittons les bains.<\/p>\n\n\n\n<p>Joachim ayant oubli\u00e9 sa casquette pr\u00e8s des douches, J\u00e9r\u00f4me saisit l&#8217;occasion de louer un v\u00e9lo pour retourner la chercher. Et la retrouve ! Ouf elle est toute neuve la pr\u00e9c\u00e9dente ayant \u00e9t\u00e9 perdue entre Vienne et le lac Balaton.<\/p>\n\n\n\n<figure class=\"wp-block-image size-large\"><a href=\"https:\/\/cyclades.e-samson.org\/wp-content\/uploads\/2022\/08\/20220819_183806-scaled.jpg\"><img loading=\"lazy\" decoding=\"async\" width=\"461\" height=\"1024\" src=\"https:\/\/cyclades.e-samson.org\/wp-content\/uploads\/2022\/08\/20220819_183806-461x1024.jpg\" alt=\"\" class=\"wp-image-2291\" srcset=\"https:\/\/cyclades.e-samson.org\/wp-content\/uploads\/2022\/08\/20220819_183806-461x1024.jpg 461w, https:\/\/cyclades.e-samson.org\/wp-content\/uploads\/2022\/08\/20220819_183806-135x300.jpg 135w, https:\/\/cyclades.e-samson.org\/wp-content\/uploads\/2022\/08\/20220819_183806-768x1707.jpg 768w, https:\/\/cyclades.e-samson.org\/wp-content\/uploads\/2022\/08\/20220819_183806-691x1536.jpg 691w, https:\/\/cyclades.e-samson.org\/wp-content\/uploads\/2022\/08\/20220819_183806-922x2048.jpg 922w, https:\/\/cyclades.e-samson.org\/wp-content\/uploads\/2022\/08\/20220819_183806-scaled.jpg 1152w\" sizes=\"auto, (max-width: 461px) 100vw, 461px\" \/><\/a><\/figure>\n\n\n\n<figure class=\"wp-block-image size-large is-resized\"><a href=\"https:\/\/cyclades.e-samson.org\/wp-content\/uploads\/2022\/08\/20220819_184727-scaled.jpg\"><img loading=\"lazy\" decoding=\"async\" src=\"https:\/\/cyclades.e-samson.org\/wp-content\/uploads\/2022\/08\/20220819_184727-1024x461.jpg\" alt=\"\" class=\"wp-image-2293\" width=\"323\" height=\"144\" srcset=\"https:\/\/cyclades.e-samson.org\/wp-content\/uploads\/2022\/08\/20220819_184727-1024x461.jpg 1024w, https:\/\/cyclades.e-samson.org\/wp-content\/uploads\/2022\/08\/20220819_184727-300x135.jpg 300w, https:\/\/cyclades.e-samson.org\/wp-content\/uploads\/2022\/08\/20220819_184727-1536x691.jpg 1536w, https:\/\/cyclades.e-samson.org\/wp-content\/uploads\/2022\/08\/20220819_184727-2048x922.jpg 2048w\" sizes=\"auto, (max-width: 323px) 100vw, 323px\" \/><\/a><figcaption>Le Danube est bien plus large ici qu&#8217;\u00e0 Vienne (nous sommes sur l&#8217;\u00eele donc nous voyons que la moiti\u00e9 de la largeur)<\/figcaption><\/figure>\n\n\n\n<p>Nous rentrons \u00e0 pied et sur la place du Parlement il y a des r\u00e9p\u00e9titions pour la c\u00e9r\u00e9monie de demain. En effet le 20 ao\u00fbt est la f\u00eate nationale de la Hongrie. Il semblerait que la plupart des festivit\u00e9s aient lieu dans notre quartier (lever des couleurs, demonstration a\u00e9rienne et nautique, feu d artifice). Nous esperons que nous pourrons circuler. Ils attendent des centaines de milliers de personnes !<\/p>\n\n\n\n<figure class=\"wp-block-image size-large\"><a href=\"https:\/\/cyclades.e-samson.org\/wp-content\/uploads\/2022\/08\/20220819_191311-scaled.jpg\"><img loading=\"lazy\" decoding=\"async\" width=\"1024\" height=\"461\" src=\"https:\/\/cyclades.e-samson.org\/wp-content\/uploads\/2022\/08\/20220819_191311-1024x461.jpg\" alt=\"\" class=\"wp-image-2295\" srcset=\"https:\/\/cyclades.e-samson.org\/wp-content\/uploads\/2022\/08\/20220819_191311-1024x461.jpg 1024w, https:\/\/cyclades.e-samson.org\/wp-content\/uploads\/2022\/08\/20220819_191311-300x135.jpg 300w, https:\/\/cyclades.e-samson.org\/wp-content\/uploads\/2022\/08\/20220819_191311-768x346.jpg 768w, https:\/\/cyclades.e-samson.org\/wp-content\/uploads\/2022\/08\/20220819_191311-1536x691.jpg 1536w, https:\/\/cyclades.e-samson.org\/wp-content\/uploads\/2022\/08\/20220819_191311-2048x922.jpg 2048w\" sizes=\"auto, (max-width: 1024px) 100vw, 1024px\" \/><\/a><figcaption>La Police mont\u00e9e<\/figcaption><\/figure>\n\n\n\n<figure class=\"wp-block-image size-large is-resized\"><a href=\"https:\/\/cyclades.e-samson.org\/wp-content\/uploads\/2022\/08\/20220819_191421-scaled.jpg\"><img loading=\"lazy\" decoding=\"async\" src=\"https:\/\/cyclades.e-samson.org\/wp-content\/uploads\/2022\/08\/20220819_191421-1024x461.jpg\" alt=\"\" class=\"wp-image-2296\" width=\"326\" height=\"147\" srcset=\"https:\/\/cyclades.e-samson.org\/wp-content\/uploads\/2022\/08\/20220819_191421-1024x461.jpg 1024w, https:\/\/cyclades.e-samson.org\/wp-content\/uploads\/2022\/08\/20220819_191421-300x135.jpg 300w, https:\/\/cyclades.e-samson.org\/wp-content\/uploads\/2022\/08\/20220819_191421-768x346.jpg 768w, https:\/\/cyclades.e-samson.org\/wp-content\/uploads\/2022\/08\/20220819_191421-1536x691.jpg 1536w, https:\/\/cyclades.e-samson.org\/wp-content\/uploads\/2022\/08\/20220819_191421-2048x922.jpg 2048w\" sizes=\"auto, (max-width: 326px) 100vw, 326px\" \/><\/a><\/figure>\n\n\n\n<figure class=\"wp-block-image size-large\"><a href=\"https:\/\/cyclades.e-samson.org\/wp-content\/uploads\/2022\/08\/20220819_191555-1-scaled.jpg\"><img loading=\"lazy\" decoding=\"async\" width=\"1024\" height=\"461\" src=\"https:\/\/cyclades.e-samson.org\/wp-content\/uploads\/2022\/08\/20220819_191555-1-1024x461.jpg\" alt=\"\" class=\"wp-image-2336\" srcset=\"https:\/\/cyclades.e-samson.org\/wp-content\/uploads\/2022\/08\/20220819_191555-1-1024x461.jpg 1024w, https:\/\/cyclades.e-samson.org\/wp-content\/uploads\/2022\/08\/20220819_191555-1-300x135.jpg 300w, https:\/\/cyclades.e-samson.org\/wp-content\/uploads\/2022\/08\/20220819_191555-1-768x346.jpg 768w, https:\/\/cyclades.e-samson.org\/wp-content\/uploads\/2022\/08\/20220819_191555-1-1536x691.jpg 1536w, https:\/\/cyclades.e-samson.org\/wp-content\/uploads\/2022\/08\/20220819_191555-1-2048x922.jpg 2048w\" sizes=\"auto, (max-width: 1024px) 100vw, 1024px\" \/><\/a><figcaption>Le Parlement toujours imposant<\/figcaption><\/figure>\n\n\n\n<p>Demain, nous aimerions aller de l&#8217;autre c\u00f4t\u00e9 du Danube visiter le ch\u00e2teau de Buda. Pour cela il faudra passer le pont de Cha\u00eenes.<\/p>\n","protected":false},"excerpt":{"rendered":"<p>Souvenez-vous je vous ai \u00e0 peine parl\u00e9 du march\u00e9 de Vienne. Soi disant incontournable selon les guides, beaucoup moins selon les avis TripAdvisor et clairement tr\u00e8s peu int\u00e9ressant selon notre avis. Nous avions ensuite encha\u00een\u00e9 &hellip; <\/p>\n","protected":false},"author":1,"featured_media":2278,"comment_status":"open","ping_status":"open","sticky":false,"template":"","format":"standard","meta":{"_s2mail":"yes","_jetpack_memberships_contains_paid_content":false,"footnotes":"","jetpack_publicize_message":"","jetpack_publicize_feature_enabled":true,"jetpack_social_post_already_shared":false,"jetpack_social_options":{"image_generator_settings":{"template":"highway","default_image_id":0,"font":"","enabled":false},"version":2}},"categories":[40,1],"tags":[14,35,4],"class_list":["post-2276","post","type-post","status-publish","format-standard","has-post-thumbnail","hentry","category-2022-08-europe-centrale-en-train","category-voyages","tag-anne-laure","tag-hongrie","tag-journal-de-bord"],"geo":null,"jetpack_publicize_connections":[],"jetpack_featured_media_url":"https:\/\/cyclades.e-samson.org\/wp-content\/uploads\/2022\/08\/20220819_110130-scaled.jpg","jetpack_sharing_enabled":true,"_links":{"self":[{"href":"https:\/\/cyclades.e-samson.org\/index.php?rest_route=\/wp\/v2\/posts\/2276","targetHints":{"allow":["GET"]}}],"collection":[{"href":"https:\/\/cyclades.e-samson.org\/index.php?rest_route=\/wp\/v2\/posts"}],"about":[{"href":"https:\/\/cyclades.e-samson.org\/index.php?rest_route=\/wp\/v2\/types\/post"}],"author":[{"embeddable":true,"href":"https:\/\/cyclades.e-samson.org\/index.php?rest_route=\/wp\/v2\/users\/1"}],"replies":[{"embeddable":true,"href":"https:\/\/cyclades.e-samson.org\/index.php?rest_route=%2Fwp%2Fv2%2Fcomments&post=2276"}],"version-history":[{"count":8,"href":"https:\/\/cyclades.e-samson.org\/index.php?rest_route=\/wp\/v2\/posts\/2276\/revisions"}],"predecessor-version":[{"id":2343,"href":"https:\/\/cyclades.e-samson.org\/index.php?rest_route=\/wp\/v2\/posts\/2276\/revisions\/2343"}],"wp:featuredmedia":[{"embeddable":true,"href":"https:\/\/cyclades.e-samson.org\/index.php?rest_route=\/wp\/v2\/media\/2278"}],"wp:attachment":[{"href":"https:\/\/cyclades.e-samson.org\/index.php?rest_route=%2Fwp%2Fv2%2Fmedia&parent=2276"}],"wp:term":[{"taxonomy":"category","embeddable":true,"href":"https:\/\/cyclades.e-samson.org\/index.php?rest_route=%2Fwp%2Fv2%2Fcategories&post=2276"},{"taxonomy":"post_tag","embeddable":true,"href":"https:\/\/cyclades.e-samson.org\/index.php?rest_route=%2Fwp%2Fv2%2Ftags&post=2276"}],"curies":[{"name":"wp","href":"https:\/\/api.w.org\/{rel}","templated":true}]}}