{"id":216,"date":"2020-09-14T09:44:07","date_gmt":"2020-09-14T07:44:07","guid":{"rendered":"http:\/\/cyclades.e-samson.org\/?p=216"},"modified":"2023-02-16T16:30:54","modified_gmt":"2023-02-16T15:30:54","slug":"itineraire-vous-avez-dit-itineraire-par-anne-laure","status":"publish","type":"post","link":"https:\/\/cyclades.e-samson.org\/?p=216","title":{"rendered":"Itin\u00e9raire vous avez dit itin\u00e9raire ? par Anne-Laure"},"content":{"rendered":"\n<p><em>(nota bene cet article devait paraitre \u00e0 la fin de la journ\u00e9e 8, mais il semblerait que notre connection internet n&#8217;\u00e9tait pas suffisante, le pendant de la nuit magnifique que J\u00e9r\u00f4me vous narre \ud83d\ude42 )<\/em><\/p>\n\n\n\n<p>Kalispera,<\/p>\n\n\n\n<p>Peut \u00eatre vous demandez-vous o\u00f9 est ce que nous allons finalement, si nous allons faire une boucle, si nous nous laissons porter au gr\u00e9 des vagues ou quel itin\u00e9raire nous avons trac\u00e9 sur la carte. Je vais essayer dans cet article de r\u00e9pondre \u00e0 ces questions.<\/p>\n\n\n\n<figure class=\"wp-block-image size-large\"><img loading=\"lazy\" decoding=\"async\" width=\"589\" height=\"834\" src=\"http:\/\/cyclades.e-samson.org\/wp-content\/uploads\/2020\/09\/2020-09-13_001046.jpg\" alt=\"\" class=\"wp-image-226\" srcset=\"https:\/\/cyclades.e-samson.org\/wp-content\/uploads\/2020\/09\/2020-09-13_001046.jpg 589w, https:\/\/cyclades.e-samson.org\/wp-content\/uploads\/2020\/09\/2020-09-13_001046-212x300.jpg 212w\" sizes=\"auto, (max-width: 589px) 100vw, 589px\" \/><figcaption>Bateau toute voile dehors<\/figcaption><\/figure>\n\n\n\n<p>Alors d\u00e9j\u00e0 non, au d\u00e9part, pas d\u2019itin\u00e9raire trac\u00e9 sur la carte, pas de tableau excel avec en face des dates, une destination, un nombre de milles, le port vis\u00e9, et les indispensables annotations de choses \u00e0 faire\/restaurants recommand\u00e9s. Pourtant ceux qui me connaissent savent que j\u2019aime bien les plans, anticiper, me projeter \u2026 Mais quand fin juin, d\u00e9but juillet nous avons r\u00e9alis\u00e9 que nous aurions l\u2019opportunit\u00e9 de ce voyage en septembre, il y avait tellement d\u2019incertitudes qu\u2019il \u00e9tait vraiment difficile de se projeter. Nous avons surtout fait pr\u00e9ciser x fois les conditions d\u2019annulation au cas o\u00f9 nous serions reconfin\u00e9s, que les fronti\u00e8res seraient ferm\u00e9es ou que nous soyons mis en quarantaine.<\/p>\n\n\n\n<p>A l\u2019oppos\u00e9 nous n\u2019avons pas pr\u00e9vu non plus de nous laisser porter au gr\u00e9 des vagues, du vent et du rythme de chacun\u2026 C\u2019est pourtant tentant, la \u201cdolce vita\u201d, jeter les contraintes avec l\u2019eau du bain et vivre la vie de boh\u00e8me\u2026 Cependant d\u2019une part, nous avons 6 rythmes diff\u00e9rents avec des besoins et des envies diff\u00e9rentes selon notre personnalit\u00e9 et notre \u00e2ge, mais en plus l\u00e0 o\u00f9 nous nous rejoignons le plus fr\u00e9quemment c\u2019est dans notre besoin d\u2019activit\u00e9 assez intenses et surtout vari\u00e9es\u2026 Alors la \u201cdolce vita\u201d \u00e7a va un temps\u2026 court.<\/p>\n\n\n\n<p>Puis finalement 1 mois, pour un si grand terrain de jeu, eh bien ce n\u2019est pas si long.<\/p>\n\n\n\n<figure class=\"wp-block-image size-large is-resized\"><img loading=\"lazy\" decoding=\"async\" src=\"http:\/\/cyclades.e-samson.org\/wp-content\/uploads\/2020\/09\/cyclades-1024x724.jpg\" alt=\"\" class=\"wp-image-230\" width=\"594\" height=\"420\" srcset=\"https:\/\/cyclades.e-samson.org\/wp-content\/uploads\/2020\/09\/cyclades-1024x724.jpg 1024w, https:\/\/cyclades.e-samson.org\/wp-content\/uploads\/2020\/09\/cyclades-300x212.jpg 300w, https:\/\/cyclades.e-samson.org\/wp-content\/uploads\/2020\/09\/cyclades-768x543.jpg 768w, https:\/\/cyclades.e-samson.org\/wp-content\/uploads\/2020\/09\/cyclades-1536x1086.jpg 1536w, https:\/\/cyclades.e-samson.org\/wp-content\/uploads\/2020\/09\/cyclades-2048x1448.jpg 2048w\" sizes=\"auto, (max-width: 594px) 100vw, 594px\" \/><figcaption>Il y a environ (c&#8217;est \u00e0 dire au moins) 250 \u00eeles.<\/figcaption><\/figure>\n\n\n\n<p>Notre avion repart le 2 octobre et si en rigolant nous pensons bien que cela aurait peu de cons\u00e9quences de le rater puisque J\u00e9r\u00f4me t\u00e9l\u00e9travaille depuis mars sans avoir revu ses coll\u00e8gues (certains \u00e9tant m\u00eame \u00e0 Ath\u00e8nes), et qu\u2019\u00e9videmment il a emmen\u00e9 son ordinateur professionnel et son non moins indispensable routeur, il faut quand m\u00eame rendre le bateau, en bon \u00e9tat, vid\u00e9, ce m\u00eame jour\u2026 Et puis les filles veulent faire leur rentr\u00e9e, retrouver leurs ami(e)s. Alors ce que nous voulons voir, vivre, il faut le rendre possible dans le temps imparti. Et donc planifier.<\/p>\n\n\n\n<figure class=\"wp-block-image size-large\"><img loading=\"lazy\" decoding=\"async\" width=\"1000\" height=\"563\" src=\"http:\/\/cyclades.e-samson.org\/wp-content\/uploads\/2020\/09\/planifier-la-publication-de-vos-articles-a-lavance-dans-wordpress.jpg\" alt=\"\" class=\"wp-image-231\" srcset=\"https:\/\/cyclades.e-samson.org\/wp-content\/uploads\/2020\/09\/planifier-la-publication-de-vos-articles-a-lavance-dans-wordpress.jpg 1000w, https:\/\/cyclades.e-samson.org\/wp-content\/uploads\/2020\/09\/planifier-la-publication-de-vos-articles-a-lavance-dans-wordpress-300x169.jpg 300w, https:\/\/cyclades.e-samson.org\/wp-content\/uploads\/2020\/09\/planifier-la-publication-de-vos-articles-a-lavance-dans-wordpress-768x432.jpg 768w\" sizes=\"auto, (max-width: 1000px) 100vw, 1000px\" \/><\/figure>\n\n\n\n<p>Nous aurions envie de tout voir, tout visiter et passer plusieurs jours voir semaines sur chaque \u00eele. Au del\u00e0 de l\u2019exp\u00e9rience sportive et de la d\u00e9couverte du mode de vie insulaire, toute la famille est tr\u00e8s motiv\u00e9e \u00e0 l\u2019id\u00e9e de visiter Delos, l\u2019\u00eele de naissance d\u2019Apollon et Art\u00e9mis selon la mythologie grecque. Donc il faut faire en sorte de s\u2019y rendre \ud83d\ude42<\/p>\n\n\n\n<p>Les principales contraintes de planification au del\u00e0 des distances sont la pr\u00e9sence de ports ou de criques bien abrit\u00e9es (pour jeter l\u2019ancre) et la m\u00e9t\u00e9o c\u2019est \u00e0 dire le sens et la force du vent, ses caract\u00e9ristiques dans les zones o\u00f9 nous souhaitons naviguer.<\/p>\n\n\n\n<p>Si la premi\u00e8re contrainte s\u2019analyse assez facilement sur une carte, il y a un pas entre lire les pr\u00e9visions m\u00e9t\u00e9o et savoir les analyser. Par exemple normalement le fameux Meltem, un vent fort de Nord, Nord Ouest souffle surtout fort en juillet ao\u00fbt, alors nous avons \u00e9t\u00e9 surpris ces derniers jours de son intensit\u00e9. J\u00e9r\u00f4me utilise Windy une application de m\u00e9t\u00e9o et il semblerait qu\u2019il faille tenir compte de la vitesse du vent pendant les rafales en vitesse \u00e9tablie. Cela change un peu tout \ud83d\ude00<\/p>\n\n\n\n<figure class=\"wp-block-image size-large\"><img loading=\"lazy\" decoding=\"async\" width=\"521\" height=\"834\" src=\"http:\/\/cyclades.e-samson.org\/wp-content\/uploads\/2020\/09\/Screenshot_2020-09-13-00-15-02.png\" alt=\"\" class=\"wp-image-232\" srcset=\"https:\/\/cyclades.e-samson.org\/wp-content\/uploads\/2020\/09\/Screenshot_2020-09-13-00-15-02.png 521w, https:\/\/cyclades.e-samson.org\/wp-content\/uploads\/2020\/09\/Screenshot_2020-09-13-00-15-02-187x300.png 187w\" sizes=\"auto, (max-width: 521px) 100vw, 521px\" \/><\/figure>\n\n\n\n<p>Heureusement nous avons ces derniers jours eu la chance de rencontrer des navigateurs aguerris connaisseurs des Cyclades et heureux de partager leur exp\u00e9rience. A Kythnos Thomas, un norv\u00e9gien \u00e0 bord de son bateau \u201cLa Linea\u201d, \u00e0 Syros un \u00e9quipage ath\u00e9nien, membres d\u2019un yacht club dont la saison de r\u00e9gate a \u00e9t\u00e9 annul\u00e9e \u00e0 cause du Covid et qui ont choisi d\u2019en profiter pour rendre visite \u00e0 leurs amis dans les Cyclades. Nous avons eu la confirmation que la force du vent \u00e9tait exceptionnelle pour le mois de Septembre. \u201cc\u2019est le vent le plus fort qu\u2019on ait eu de tout l\u2019\u00e9t\u00e9\u201d. Bien ma veine \ud83d\ude00<\/p>\n\n\n\n<figure class=\"wp-block-image size-large\"><img loading=\"lazy\" decoding=\"async\" width=\"850\" height=\"680\" src=\"http:\/\/cyclades.e-samson.org\/wp-content\/uploads\/2020\/09\/Etisiai.jpg\" alt=\"\" class=\"wp-image-218\" srcset=\"https:\/\/cyclades.e-samson.org\/wp-content\/uploads\/2020\/09\/Etisiai.jpg 850w, https:\/\/cyclades.e-samson.org\/wp-content\/uploads\/2020\/09\/Etisiai-300x240.jpg 300w, https:\/\/cyclades.e-samson.org\/wp-content\/uploads\/2020\/09\/Etisiai-768x614.jpg 768w, https:\/\/cyclades.e-samson.org\/wp-content\/uploads\/2020\/09\/Etisiai-68x53.jpg 68w\" sizes=\"auto, (max-width: 850px) 100vw, 850px\" \/><figcaption>Wikipedia nous apprend que le &#8220;meltemi&#8221; se forme lorsqu&#8217;il y a un anticyclone  sur les Balkans et une d\u00e9pression sur la Turquie<\/figcaption><\/figure>\n\n\n\n<p>En trame de fond, le principal souci de notre skipper est de savoir \u201ccomment nous allons remonter\u201d. En effet les vents soufflant principalement du Nord et du Nord Ouest et nous voguons vers l\u2019Est pour rejoindre Delos puis nous irons vers le Sud\u2026(Paros certainement, et ensuite peut \u00eatre Ios voir Santorin), vous comprendrez que c\u2019est un \u201cd\u00e9tail\u201d qui a son importance. Il est long et inconfortable d\u2019aller contre le vent. Nos compagnons de ponton nous ont pr\u00e9sent\u00e9 2 options qui demanderont une fen\u00eatre m\u00e9t\u00e9o correcte mais qui rendent les choses possibles. Ces deux options ont en commun de rejoindre le P\u00e9loponn\u00e8se pour sortir des zones d\u2019influence du Meltem, nous le remonterons pour rejoindre le golfe Saronique et ferons certainement une escale sur Hydra et\/ou Egine.<\/p>\n\n\n\n<figure class=\"wp-block-image size-large\"><img loading=\"lazy\" decoding=\"async\" width=\"1024\" height=\"761\" src=\"http:\/\/cyclades.e-samson.org\/wp-content\/uploads\/2020\/09\/greek_islands-1-1024x761.gif\" alt=\"\" class=\"wp-image-227\" srcset=\"https:\/\/cyclades.e-samson.org\/wp-content\/uploads\/2020\/09\/greek_islands-1-1024x761.gif 1024w, https:\/\/cyclades.e-samson.org\/wp-content\/uploads\/2020\/09\/greek_islands-1-300x223.gif 300w, https:\/\/cyclades.e-samson.org\/wp-content\/uploads\/2020\/09\/greek_islands-1-768x571.gif 768w\" sizes=\"auto, (max-width: 1024px) 100vw, 1024px\" \/><\/figure>\n\n\n\n<p>Voil\u00e0 donc finalement j\u2019ai pu \u00e9tablir un r\u00e9tro planning avec plusieurs itin\u00e9raires alternatifs ayant tous en commun une arriv\u00e9e pr\u00e9vue \u00e0 Ath\u00e8nes le 1er Octobre. Pas encore de case \u201crestaurant \u00e0 ne pas manquer\u201d, mais on y est presque \ud83d\ude00<\/p>\n\n\n\n<p>L\u2019avenir nous dira quelles options nous choisirons et si le pari sera tenu !<\/p>\n\n\n\n<p>Ce soir nous dormons au mouillage \u00e0 quelques milles de Delos sur Rhinia, ainsi demain nous visiterons un des objectifs de notre voyage : voir l\u2019\u00eele que Pos\u00e9\u00efdon a fait sortir de la mer pour permettre \u00e0 Leto d\u2019accoucher d\u2019Art\u00e9mis puis d\u2019Apollon en toute s\u00e9curit\u00e9. C\u2019est aussi l\u2019\u00eele \u201cnombril\u201d des Cyclades.<\/p>\n\n\n\n<figure class=\"wp-block-image size-large\"><img loading=\"lazy\" decoding=\"async\" width=\"528\" height=\"837\" src=\"http:\/\/cyclades.e-samson.org\/wp-content\/uploads\/2020\/09\/Jebb_-_Delos_1.jpg\" alt=\"\" class=\"wp-image-222\" srcset=\"https:\/\/cyclades.e-samson.org\/wp-content\/uploads\/2020\/09\/Jebb_-_Delos_1.jpg 528w, https:\/\/cyclades.e-samson.org\/wp-content\/uploads\/2020\/09\/Jebb_-_Delos_1-189x300.jpg 189w\" sizes=\"auto, (max-width: 528px) 100vw, 528px\" \/><figcaption>Source Wikip\u00e9dia<\/figcaption><\/figure>\n","protected":false},"excerpt":{"rendered":"<p>(nota bene cet article devait paraitre \u00e0 la fin de la journ\u00e9e 8, mais il semblerait que notre connection internet n&#8217;\u00e9tait pas suffisante, le pendant de la nuit magnifique que J\u00e9r\u00f4me vous narre \ud83d\ude42 ) &hellip; <\/p>\n","protected":false},"author":1,"featured_media":227,"comment_status":"open","ping_status":"open","sticky":false,"template":"","format":"standard","meta":{"_s2mail":"","_jetpack_memberships_contains_paid_content":false,"footnotes":"","jetpack_publicize_message":"","jetpack_publicize_feature_enabled":true,"jetpack_social_post_already_shared":false,"jetpack_social_options":{"image_generator_settings":{"template":"highway","default_image_id":0,"font":"","enabled":false},"version":2}},"categories":[38,1],"tags":[14,18],"class_list":["post-216","post","type-post","status-publish","format-standard","has-post-thumbnail","hentry","category-2020-cyclades-en-voilier","category-voyages","tag-anne-laure","tag-organisation-du-voyage"],"geo":null,"jetpack_publicize_connections":[],"jetpack_featured_media_url":"https:\/\/cyclades.e-samson.org\/wp-content\/uploads\/2020\/09\/greek_islands-1.gif","jetpack_sharing_enabled":true,"_links":{"self":[{"href":"https:\/\/cyclades.e-samson.org\/index.php?rest_route=\/wp\/v2\/posts\/216","targetHints":{"allow":["GET"]}}],"collection":[{"href":"https:\/\/cyclades.e-samson.org\/index.php?rest_route=\/wp\/v2\/posts"}],"about":[{"href":"https:\/\/cyclades.e-samson.org\/index.php?rest_route=\/wp\/v2\/types\/post"}],"author":[{"embeddable":true,"href":"https:\/\/cyclades.e-samson.org\/index.php?rest_route=\/wp\/v2\/users\/1"}],"replies":[{"embeddable":true,"href":"https:\/\/cyclades.e-samson.org\/index.php?rest_route=%2Fwp%2Fv2%2Fcomments&post=216"}],"version-history":[{"count":2,"href":"https:\/\/cyclades.e-samson.org\/index.php?rest_route=\/wp\/v2\/posts\/216\/revisions"}],"predecessor-version":[{"id":251,"href":"https:\/\/cyclades.e-samson.org\/index.php?rest_route=\/wp\/v2\/posts\/216\/revisions\/251"}],"wp:featuredmedia":[{"embeddable":true,"href":"https:\/\/cyclades.e-samson.org\/index.php?rest_route=\/wp\/v2\/media\/227"}],"wp:attachment":[{"href":"https:\/\/cyclades.e-samson.org\/index.php?rest_route=%2Fwp%2Fv2%2Fmedia&parent=216"}],"wp:term":[{"taxonomy":"category","embeddable":true,"href":"https:\/\/cyclades.e-samson.org\/index.php?rest_route=%2Fwp%2Fv2%2Fcategories&post=216"},{"taxonomy":"post_tag","embeddable":true,"href":"https:\/\/cyclades.e-samson.org\/index.php?rest_route=%2Fwp%2Fv2%2Ftags&post=216"}],"curies":[{"name":"wp","href":"https:\/\/api.w.org\/{rel}","templated":true}]}}