{"id":2109,"date":"2022-08-14T23:44:00","date_gmt":"2022-08-14T21:44:00","guid":{"rendered":"https:\/\/cyclades.e-samson.org\/?p=2109"},"modified":"2023-02-16T16:33:59","modified_gmt":"2023-02-16T15:33:59","slug":"j8-chilling-sur-le-bord-du-lac-et-balade-a-alsoors","status":"publish","type":"post","link":"https:\/\/cyclades.e-samson.org\/?p=2109","title":{"rendered":"J8 &#8211; Chilling sur le bord du lac et balade \u00e0 Also\u00f2rs"},"content":{"rendered":"\n<p>Aujourd\u2019hui, une petite journ\u00e9e un peu plus calme, \u00e0 profiter du camping, de la vue sur le lac, des piscines, des toboggans (notamment ceux qui arrivent directement dans le lac). <\/p>\n\n\n\n<p>Comme chacun sait, je ne suis pas un tr\u00e8s grand fan des \u00ab campings \u00bb, mais cette escale nous convient \u00e0 tous tr\u00e8s bien : vue imprenable sur le lac avec des dizaines de voiliers (on se croirait en baie de Concarneau), petit interm\u00e8de bienvenu entre les visites de grandes villes Vienne et Budapest, ambiance familiale qui nous met tous bien \u00e0 l\u2019aise (les enfants peuvent explorer \u00e0 leur guise), d\u00e9paysant juste comme il faut (la langue hongroise est toujours aussi herm\u00e9tique mais tout le monde est souriant et pr\u00eat \u00e0 aider avec un m\u00e9lange d\u2019anglais et d\u2019allemand). <\/p>\n\n\n\n<p>Je dois aussi dire quelques mots \u00e0 propos de ce qui nous a amen\u00e9 sur les berges du lac Balaton. Lorsque nous avons planifi\u00e9 ce voyage autour des principaux objectifs initiaux Vienne et Budapest, Anne-Laure avait pens\u00e9 \u00e0 tr\u00e8s juste titre que ce serait appropri\u00e9 d\u2019entrecouper les visites de villes avec des moments plus \u00ab au vert \u00bb. Je me suis tout de suite souvenu qu\u2019\u00e0 chaque fois que j\u2019\u00e9tais venu \u00e0 Budapest pour business, mes contreparties hongroises (et notamment Gy\u00f6rgy) avait \u00e0 chaque fois des \u00e9toiles dans les yeux en parlant de ce lac, joyau de la Hongrie, immense et temple de la voile hongroise &#8211; il fallait donc qu\u2019on y aille ! <\/p>\n\n\n\n<p>Quand au choix de ce camping, je crois que \u00e7a s\u2019est fait un peu par hasard, \u00e7a avait l\u2019air bien situ\u00e9, relativement facile d\u2019acc\u00e8s, et le bungalow en bord de lac semblait un bon compromis ! <\/p>\n\n\n\n<p>Apr\u00e8s une journ\u00e9e \u00e0 profiter du camping, nous avons fait un tour vers la Marina d\u2019Alsoors, vraiment grande, et nous avons d\u00een\u00e9 simplement en bord de <s>mer<\/s> lac, dans une tr\u00e8s grande zone familiale am\u00e9nag\u00e9e, avant de rentrer pour ne pas manquer le concert du camping &#8211; on ne peut pas le manquer, c\u2019est au Beach Bar, soit juste devant notre bungalow \ud83d\ude0e<\/p>\n\n\n\n<figure class=\"wp-block-image size-large\"><img loading=\"lazy\" decoding=\"async\" width=\"768\" height=\"1024\" src=\"https:\/\/cyclades.e-samson.org\/wp-content\/uploads\/2022\/08\/img_1529-768x1024.jpg\" alt=\"\" class=\"wp-image-2106\" srcset=\"https:\/\/cyclades.e-samson.org\/wp-content\/uploads\/2022\/08\/img_1529-768x1024.jpg 768w, https:\/\/cyclades.e-samson.org\/wp-content\/uploads\/2022\/08\/img_1529-225x300.jpg 225w, https:\/\/cyclades.e-samson.org\/wp-content\/uploads\/2022\/08\/img_1529-1152x1536.jpg 1152w, https:\/\/cyclades.e-samson.org\/wp-content\/uploads\/2022\/08\/img_1529-1536x2048.jpg 1536w, https:\/\/cyclades.e-samson.org\/wp-content\/uploads\/2022\/08\/img_1529-scaled.jpg 1920w\" sizes=\"auto, (max-width: 768px) 100vw, 768px\" \/><figcaption>Sirocco, voilier historique du lac, sur lequel Gy\u00f6rgy a fait ses armes de r\u00e9gate <\/figcaption><\/figure>\n\n\n\n<figure class=\"wp-block-image size-large\"><img loading=\"lazy\" decoding=\"async\" width=\"1024\" height=\"768\" src=\"https:\/\/cyclades.e-samson.org\/wp-content\/uploads\/2022\/08\/img_1531-1024x768.jpg\" alt=\"\" class=\"wp-image-2107\" srcset=\"https:\/\/cyclades.e-samson.org\/wp-content\/uploads\/2022\/08\/img_1531-1024x768.jpg 1024w, https:\/\/cyclades.e-samson.org\/wp-content\/uploads\/2022\/08\/img_1531-300x225.jpg 300w, https:\/\/cyclades.e-samson.org\/wp-content\/uploads\/2022\/08\/img_1531-768x576.jpg 768w, https:\/\/cyclades.e-samson.org\/wp-content\/uploads\/2022\/08\/img_1531-1536x1152.jpg 1536w, https:\/\/cyclades.e-samson.org\/wp-content\/uploads\/2022\/08\/img_1531-2048x1536.jpg 2048w\" sizes=\"auto, (max-width: 1024px) 100vw, 1024px\" \/><figcaption>Beau temps sur le lac !<\/figcaption><\/figure>\n\n\n\n<figure class=\"wp-block-image size-large\"><img loading=\"lazy\" decoding=\"async\" width=\"768\" height=\"1024\" src=\"https:\/\/cyclades.e-samson.org\/wp-content\/uploads\/2022\/08\/img_1532-768x1024.jpg\" alt=\"\" class=\"wp-image-2105\" srcset=\"https:\/\/cyclades.e-samson.org\/wp-content\/uploads\/2022\/08\/img_1532-768x1024.jpg 768w, https:\/\/cyclades.e-samson.org\/wp-content\/uploads\/2022\/08\/img_1532-225x300.jpg 225w, https:\/\/cyclades.e-samson.org\/wp-content\/uploads\/2022\/08\/img_1532-1152x1536.jpg 1152w, https:\/\/cyclades.e-samson.org\/wp-content\/uploads\/2022\/08\/img_1532-1536x2048.jpg 1536w, https:\/\/cyclades.e-samson.org\/wp-content\/uploads\/2022\/08\/img_1532-scaled.jpg 1920w\" sizes=\"auto, (max-width: 768px) 100vw, 768px\" \/><figcaption>Sp\u00e9cialit\u00e9 locale qui nous tente tous bien &#8211; ce sera sans doute pour demain !<\/figcaption><\/figure>\n","protected":false},"excerpt":{"rendered":"<p>Aujourd\u2019hui, une petite journ\u00e9e un peu plus calme, \u00e0 profiter du camping, de la vue sur le lac, des piscines, des toboggans (notamment ceux qui arrivent directement dans le lac). Comme chacun sait, je ne &hellip; <\/p>\n","protected":false},"author":1,"featured_media":2134,"comment_status":"open","ping_status":"open","sticky":false,"template":"","format":"standard","meta":{"_s2mail":"yes","_jetpack_memberships_contains_paid_content":false,"footnotes":"","jetpack_publicize_message":"","jetpack_publicize_feature_enabled":true,"jetpack_social_post_already_shared":false,"jetpack_social_options":{"image_generator_settings":{"template":"highway","default_image_id":0,"font":"","enabled":false},"version":2}},"categories":[40,1],"tags":[],"class_list":["post-2109","post","type-post","status-publish","format-standard","has-post-thumbnail","hentry","category-2022-08-europe-centrale-en-train","category-voyages"],"geo":null,"jetpack_publicize_connections":[],"jetpack_featured_media_url":"https:\/\/cyclades.e-samson.org\/wp-content\/uploads\/2022\/08\/20220814_182714-scaled.jpg","jetpack_sharing_enabled":true,"_links":{"self":[{"href":"https:\/\/cyclades.e-samson.org\/index.php?rest_route=\/wp\/v2\/posts\/2109","targetHints":{"allow":["GET"]}}],"collection":[{"href":"https:\/\/cyclades.e-samson.org\/index.php?rest_route=\/wp\/v2\/posts"}],"about":[{"href":"https:\/\/cyclades.e-samson.org\/index.php?rest_route=\/wp\/v2\/types\/post"}],"author":[{"embeddable":true,"href":"https:\/\/cyclades.e-samson.org\/index.php?rest_route=\/wp\/v2\/users\/1"}],"replies":[{"embeddable":true,"href":"https:\/\/cyclades.e-samson.org\/index.php?rest_route=%2Fwp%2Fv2%2Fcomments&post=2109"}],"version-history":[{"count":1,"href":"https:\/\/cyclades.e-samson.org\/index.php?rest_route=\/wp\/v2\/posts\/2109\/revisions"}],"predecessor-version":[{"id":2135,"href":"https:\/\/cyclades.e-samson.org\/index.php?rest_route=\/wp\/v2\/posts\/2109\/revisions\/2135"}],"wp:featuredmedia":[{"embeddable":true,"href":"https:\/\/cyclades.e-samson.org\/index.php?rest_route=\/wp\/v2\/media\/2134"}],"wp:attachment":[{"href":"https:\/\/cyclades.e-samson.org\/index.php?rest_route=%2Fwp%2Fv2%2Fmedia&parent=2109"}],"wp:term":[{"taxonomy":"category","embeddable":true,"href":"https:\/\/cyclades.e-samson.org\/index.php?rest_route=%2Fwp%2Fv2%2Fcategories&post=2109"},{"taxonomy":"post_tag","embeddable":true,"href":"https:\/\/cyclades.e-samson.org\/index.php?rest_route=%2Fwp%2Fv2%2Ftags&post=2109"}],"curies":[{"name":"wp","href":"https:\/\/api.w.org\/{rel}","templated":true}]}}