{"id":185,"date":"2020-09-12T22:30:15","date_gmt":"2020-09-12T20:30:15","guid":{"rendered":"http:\/\/cyclades.e-samson.org\/?p=185"},"modified":"2023-02-16T16:30:54","modified_gmt":"2023-02-16T15:30:54","slug":"il-ny-a-pas-de-maree-ou-nous-sommes-par-joachim","status":"publish","type":"post","link":"https:\/\/cyclades.e-samson.org\/?p=185","title":{"rendered":"Il n&#8217;y a pas de mar\u00e9e o\u00f9 nous sommes ! par Joachim"},"content":{"rendered":"\n<p>La mar\u00e9e c&#8217;est l&#8217;eau de mer \u00e0 la plage qui monte et qui descend. C&#8217;est la Lune qui l&#8217;attire quand elle tourne autour de la Terre. A Concarneau en Bretagne j&#8217;ai vu pleins de mar\u00e9es. Mes chateaux de sable \u00e0 la plage sont cass\u00e9s par les vagues quand la mar\u00e9e monte.<\/p>\n\n\n\n<p>Ici en Gr\u00e8ce, dans la mer Eg\u00e9e il n&#8217;y a pas de mar\u00e9e, ou plut\u00f4t on ne voit pas de grandes diff\u00e9rences car la mer M\u00e9diterrann\u00e9e est plus petite que l&#8217;oc\u00e9an Atlantique. Il n&#8217;y a pas d&#8217;heures pour aller \u00e0 la p\u00eache \u00e0 pied et la plage n&#8217;est jamais enti\u00e8rement recouverte par les vagues.<\/p>\n\n\n\n<figure class=\"wp-block-image size-large\"><img loading=\"lazy\" decoding=\"async\" width=\"626\" height=\"834\" src=\"http:\/\/cyclades.e-samson.org\/wp-content\/uploads\/2020\/09\/IMG_0312.jpg\" alt=\"\" class=\"wp-image-214\" srcset=\"https:\/\/cyclades.e-samson.org\/wp-content\/uploads\/2020\/09\/IMG_0312.jpg 626w, https:\/\/cyclades.e-samson.org\/wp-content\/uploads\/2020\/09\/IMG_0312-225x300.jpg 225w\" sizes=\"auto, (max-width: 626px) 100vw, 626px\" \/><\/figure>\n\n\n\n<p><\/p>\n","protected":false},"excerpt":{"rendered":"<p>La mar\u00e9e c&#8217;est l&#8217;eau de mer \u00e0 la plage qui monte et qui descend. C&#8217;est la Lune qui l&#8217;attire quand elle tourne autour de la Terre. A Concarneau en Bretagne j&#8217;ai vu pleins de mar\u00e9es. &hellip; <\/p>\n","protected":false},"author":1,"featured_media":214,"comment_status":"open","ping_status":"open","sticky":false,"template":"","format":"standard","meta":{"_s2mail":"","_jetpack_memberships_contains_paid_content":false,"footnotes":"","jetpack_publicize_message":"","jetpack_publicize_feature_enabled":true,"jetpack_social_post_already_shared":false,"jetpack_social_options":{"image_generator_settings":{"template":"highway","default_image_id":0,"font":"","enabled":false},"version":2}},"categories":[38,1],"tags":[17,6],"class_list":["post-185","post","type-post","status-publish","format-standard","has-post-thumbnail","hentry","category-2020-cyclades-en-voilier","category-voyages","tag-decouverte","tag-joachim"],"geo":null,"jetpack_publicize_connections":[],"jetpack_featured_media_url":"https:\/\/cyclades.e-samson.org\/wp-content\/uploads\/2020\/09\/IMG_0312.jpg","jetpack_sharing_enabled":true,"_links":{"self":[{"href":"https:\/\/cyclades.e-samson.org\/index.php?rest_route=\/wp\/v2\/posts\/185","targetHints":{"allow":["GET"]}}],"collection":[{"href":"https:\/\/cyclades.e-samson.org\/index.php?rest_route=\/wp\/v2\/posts"}],"about":[{"href":"https:\/\/cyclades.e-samson.org\/index.php?rest_route=\/wp\/v2\/types\/post"}],"author":[{"embeddable":true,"href":"https:\/\/cyclades.e-samson.org\/index.php?rest_route=\/wp\/v2\/users\/1"}],"replies":[{"embeddable":true,"href":"https:\/\/cyclades.e-samson.org\/index.php?rest_route=%2Fwp%2Fv2%2Fcomments&post=185"}],"version-history":[{"count":2,"href":"https:\/\/cyclades.e-samson.org\/index.php?rest_route=\/wp\/v2\/posts\/185\/revisions"}],"predecessor-version":[{"id":215,"href":"https:\/\/cyclades.e-samson.org\/index.php?rest_route=\/wp\/v2\/posts\/185\/revisions\/215"}],"wp:featuredmedia":[{"embeddable":true,"href":"https:\/\/cyclades.e-samson.org\/index.php?rest_route=\/wp\/v2\/media\/214"}],"wp:attachment":[{"href":"https:\/\/cyclades.e-samson.org\/index.php?rest_route=%2Fwp%2Fv2%2Fmedia&parent=185"}],"wp:term":[{"taxonomy":"category","embeddable":true,"href":"https:\/\/cyclades.e-samson.org\/index.php?rest_route=%2Fwp%2Fv2%2Fcategories&post=185"},{"taxonomy":"post_tag","embeddable":true,"href":"https:\/\/cyclades.e-samson.org\/index.php?rest_route=%2Fwp%2Fv2%2Ftags&post=185"}],"curies":[{"name":"wp","href":"https:\/\/api.w.org\/{rel}","templated":true}]}}