{"id":1397,"date":"2022-02-18T03:09:34","date_gmt":"2022-02-18T02:09:34","guid":{"rendered":"https:\/\/cyclades.e-samson.org\/?p=1397"},"modified":"2023-02-16T15:39:18","modified_gmt":"2023-02-16T14:39:18","slug":"programme-pour-les-jours-a-venir","status":"publish","type":"post","link":"https:\/\/cyclades.e-samson.org\/?p=1397","title":{"rendered":"Programme pour les jours \u00e0 venir"},"content":{"rendered":"\n<h2 class=\"wp-block-heading\">Encore une journ\u00e9e bien remplie !<\/h2>\n\n\n\n<figure class=\"wp-block-image size-large\"><img loading=\"lazy\" decoding=\"async\" width=\"1024\" height=\"768\" src=\"https:\/\/cyclades.e-samson.org\/wp-content\/uploads\/2022\/02\/img_8348-1024x768.jpg\" alt=\"\" class=\"wp-image-1394\" srcset=\"https:\/\/cyclades.e-samson.org\/wp-content\/uploads\/2022\/02\/img_8348-1024x768.jpg 1024w, https:\/\/cyclades.e-samson.org\/wp-content\/uploads\/2022\/02\/img_8348-300x225.jpg 300w, https:\/\/cyclades.e-samson.org\/wp-content\/uploads\/2022\/02\/img_8348-768x576.jpg 768w, https:\/\/cyclades.e-samson.org\/wp-content\/uploads\/2022\/02\/img_8348-1536x1152.jpg 1536w, https:\/\/cyclades.e-samson.org\/wp-content\/uploads\/2022\/02\/img_8348-2048x1536.jpg 2048w\" sizes=\"auto, (max-width: 1024px) 100vw, 1024px\" \/><figcaption>Archibald s\u2019\u00e9clate de bon matin avec Elo\u00efse sur le paddle <\/figcaption><\/figure>\n\n\n\n<p>Nous avons quitt\u00e9 Grande Anse d\u2019Arlet vers 9h (apr\u00e8s une petit s\u00e9ance de paddle pour Elo\u00efse et Archibald), et avons fait un premier essai du disque de Secchi (on ne dit pas \u00ab c\u2019est quoi ? \u00bb le disque de Secchi, on dit \u00ab c\u2019est qui ? \u00bb) &#8211; il y avait un peu trop de vent et donc de d\u00e9rive du bateau pour mener l\u2019essai \u00e0 son terme, mais \u00e7a a l\u2019air prometteur &#8211; Cl\u00e9mentine vous en dira plus dans un prochain article. <\/p>\n\n\n\n<p>En faisant un pr\u00e9l\u00e8vement d\u2019eau de mer pour mesurer son pH, le seau de Clem a d\u00e9cid\u00e9 d\u2019essayer de nous fausser compagnie ! Pile au moment o\u00f9 je commen\u00e7ait \u00e0 hisser la grand-voile&#8230; Mais c\u2019\u00e9tait sans compter Anne-Laure-aux-yeux-per\u00e7ants qui r\u00e9ussit \u00e0 le rep\u00e9rer alors qu\u2019il flottait \u00e0 fleur d\u2019eau. Bref, le d\u00e9serteur a bien fini par devoir accepter de revenir \u00e0 notre bord !<\/p>\n\n\n\n<p>Apr\u00e8s ce petit interm\u00e8de, nous avons pu reprendre notre route vers le sud, d\u2019abord sous voiles au travers, puis en appuyant s\u00e9rieusement au moteur pour faire route vers Le Marin, dans 20-25-30 noeuds plein bout &#8211; on s\u2019est quand m\u00eame bien fait brasser, notamment dans la Passe des Fous, entre le Diamant et la Martinique\u2026<\/p>\n\n\n\n<figure class=\"wp-block-image size-large\"><img loading=\"lazy\" decoding=\"async\" width=\"1024\" height=\"768\" src=\"https:\/\/cyclades.e-samson.org\/wp-content\/uploads\/2022\/02\/img_8353-1024x768.jpg\" alt=\"\" class=\"wp-image-1395\" srcset=\"https:\/\/cyclades.e-samson.org\/wp-content\/uploads\/2022\/02\/img_8353-1024x768.jpg 1024w, https:\/\/cyclades.e-samson.org\/wp-content\/uploads\/2022\/02\/img_8353-300x225.jpg 300w, https:\/\/cyclades.e-samson.org\/wp-content\/uploads\/2022\/02\/img_8353-768x576.jpg 768w, https:\/\/cyclades.e-samson.org\/wp-content\/uploads\/2022\/02\/img_8353-1536x1152.jpg 1536w, https:\/\/cyclades.e-samson.org\/wp-content\/uploads\/2022\/02\/img_8353-2048x1536.jpg 2048w\" sizes=\"auto, (max-width: 1024px) 100vw, 1024px\" \/><figcaption>Devant le Diamant !<\/figcaption><\/figure>\n\n\n\n<p>Juste avant d\u2019entrer dans le \u00ab Cul-de-sac du Marin \u00bb, nous avons mouill\u00e9 pour d\u00e9jeuner et nous baigner. Archibald a d\u00e9cid\u00e9ment pris sacr\u00e9ment d\u2019assurance et a pris beaucoup de plaisir \u00e0 se baigner depuis l\u2019arri\u00e8re du bateau. Les 3 grands ont bien jou\u00e9 avec des pare-battages. Notre bateau \u00e9tait au dessus d\u2019un platier de corail tr\u00e8s int\u00e9ressant &#8211; nous reviendrons sur ce sujet prochainement !<\/p>\n\n\n\n<figure class=\"wp-block-image size-large\"><img loading=\"lazy\" decoding=\"async\" width=\"768\" height=\"1024\" src=\"https:\/\/cyclades.e-samson.org\/wp-content\/uploads\/2022\/02\/img_8367-768x1024.jpg\" alt=\"\" class=\"wp-image-1396\" srcset=\"https:\/\/cyclades.e-samson.org\/wp-content\/uploads\/2022\/02\/img_8367-768x1024.jpg 768w, https:\/\/cyclades.e-samson.org\/wp-content\/uploads\/2022\/02\/img_8367-225x300.jpg 225w, https:\/\/cyclades.e-samson.org\/wp-content\/uploads\/2022\/02\/img_8367-1152x1536.jpg 1152w, https:\/\/cyclades.e-samson.org\/wp-content\/uploads\/2022\/02\/img_8367-1536x2048.jpg 1536w, https:\/\/cyclades.e-samson.org\/wp-content\/uploads\/2022\/02\/img_8367-scaled.jpg 1920w\" sizes=\"auto, (max-width: 768px) 100vw, 768px\" \/><\/figure>\n\n\n\n<h2 class=\"wp-block-heading\">De retour au Marin<\/h2>\n\n\n\n<p>Nous voil\u00e0 donc de retour ce jeudi soir au Marin, le port d\u2019attache de notre catamaran, pour une courte escale PCR et avitaillement, avant d\u2019entamer la seconde partie de notre croisi\u00e8re. <\/p>\n\n\n\n<figure class=\"wp-block-image size-large\"><img loading=\"lazy\" decoding=\"async\" width=\"1024\" height=\"768\" src=\"https:\/\/cyclades.e-samson.org\/wp-content\/uploads\/2022\/02\/img_8359-1024x768.jpg\" alt=\"\" class=\"wp-image-1393\" srcset=\"https:\/\/cyclades.e-samson.org\/wp-content\/uploads\/2022\/02\/img_8359-1024x768.jpg 1024w, https:\/\/cyclades.e-samson.org\/wp-content\/uploads\/2022\/02\/img_8359-300x225.jpg 300w, https:\/\/cyclades.e-samson.org\/wp-content\/uploads\/2022\/02\/img_8359-768x576.jpg 768w, https:\/\/cyclades.e-samson.org\/wp-content\/uploads\/2022\/02\/img_8359-1536x1152.jpg 1536w, https:\/\/cyclades.e-samson.org\/wp-content\/uploads\/2022\/02\/img_8359-2048x1536.jpg 2048w\" sizes=\"auto, (max-width: 1024px) 100vw, 1024px\" \/><\/figure>\n\n\n\n<p>L\u2019avitaillement, \u00e7a se comprend logiquement\u2026 mais pourquoi refaire des tests Covid ? Pourquoi se compliquer la vie alors que nous avons d\u00e9j\u00e0 crois\u00e9 les doigts \u00e0 s\u2019en faire mal samedi dernier lors du test qui aurait pu nous emp\u00eacher de quitter le Luxembourg ? <\/p>\n\n\n\n<p>En fait, nous avons pr\u00e9vu de rejoindre l\u2019archipel des Grenadines pour y passer quelques jours, et cet archipel fait partie d\u2019un \u00e9tat ind\u00e9pendant \u00ab Saint-Vincent et les Grenadines \u00bb. Nous allons donc sortir de la Martinique (et aussi de la France et de l\u2019Union Europ\u00e9enne), et donc forc\u00e9ment il faut des tests de moins de 72h (au moment de l\u2019entr\u00e9e) pour tout l\u2019\u00e9quipage. Nous ferons donc ces fameux tests demain vendredi matin, pour une entr\u00e9e aux Grenadines lundi matin ! Nos quatre \u00e9quipiers de choc qui nous rejoignent samedi apr\u00e8s-midi auront fait leurs tests \u00e0 Paris avant d\u2019embarquer dans leur avion. <\/p>\n\n\n\n<h2 class=\"wp-block-heading\">Le direct pour Bequia d\u00e9colle samedi soir<\/h2>\n\n\n\n<p>A l\u2019heure o\u00f9 je vous \u00e9cris, nous planifions donc de quitter la Martinique samedi apr\u00e8s-midi, aussit\u00f4t apr\u00e8s avoir r\u00e9cup\u00e9r\u00e9 C\u00e9line, Anne, Patrice et Marie-Gwena\u00eblle, pour mettre le cap au sud. Nous longerons Sainte-Lucie et Saint-Vincent, pour toucher terre \u00e0 Bequia apr\u00e8s environ 90 milles \/ 15 heures de navigation\u2026  nos nouveaux \u00e9quipiers devront vite s\u2019amariner !<\/p>\n\n\n\n<p>Ceci dit, en partant samedi soir, nous prenons d\u00e9lib\u00e9r\u00e9ment une bonne marge qui nous permettra d\u2019adapter le rythme de notre navigation \u00e0 la m\u00e9t\u00e9o et au moral des troupes. <\/p>\n\n\n\n<p>A suivre !<\/p>\n","protected":false},"excerpt":{"rendered":"<p>Encore une journ\u00e9e bien remplie ! Nous avons quitt\u00e9 Grande Anse d\u2019Arlet vers 9h (apr\u00e8s une petit s\u00e9ance de paddle pour Elo\u00efse et Archibald), et avons fait un premier essai du disque de Secchi (on &hellip; <\/p>\n","protected":false},"author":1,"featured_media":1395,"comment_status":"open","ping_status":"open","sticky":false,"template":"","format":"standard","meta":{"_s2mail":"","_jetpack_memberships_contains_paid_content":false,"footnotes":"","jetpack_publicize_message":"","jetpack_publicize_feature_enabled":true,"jetpack_social_post_already_shared":false,"jetpack_social_options":{"image_generator_settings":{"template":"highway","default_image_id":0,"font":"","enabled":false},"version":2}},"categories":[39,1],"tags":[7,4,18],"class_list":["post-1397","post","type-post","status-publish","format-standard","has-post-thumbnail","hentry","category-2022-martinique-et-les-grenadines-en-voilier","category-voyages","tag-jerome","tag-journal-de-bord","tag-organisation-du-voyage"],"geo":null,"jetpack_publicize_connections":[],"jetpack_featured_media_url":"https:\/\/cyclades.e-samson.org\/wp-content\/uploads\/2022\/02\/img_8353-scaled.jpg","jetpack_sharing_enabled":true,"_links":{"self":[{"href":"https:\/\/cyclades.e-samson.org\/index.php?rest_route=\/wp\/v2\/posts\/1397","targetHints":{"allow":["GET"]}}],"collection":[{"href":"https:\/\/cyclades.e-samson.org\/index.php?rest_route=\/wp\/v2\/posts"}],"about":[{"href":"https:\/\/cyclades.e-samson.org\/index.php?rest_route=\/wp\/v2\/types\/post"}],"author":[{"embeddable":true,"href":"https:\/\/cyclades.e-samson.org\/index.php?rest_route=\/wp\/v2\/users\/1"}],"replies":[{"embeddable":true,"href":"https:\/\/cyclades.e-samson.org\/index.php?rest_route=%2Fwp%2Fv2%2Fcomments&post=1397"}],"version-history":[{"count":1,"href":"https:\/\/cyclades.e-samson.org\/index.php?rest_route=\/wp\/v2\/posts\/1397\/revisions"}],"predecessor-version":[{"id":2920,"href":"https:\/\/cyclades.e-samson.org\/index.php?rest_route=\/wp\/v2\/posts\/1397\/revisions\/2920"}],"wp:featuredmedia":[{"embeddable":true,"href":"https:\/\/cyclades.e-samson.org\/index.php?rest_route=\/wp\/v2\/media\/1395"}],"wp:attachment":[{"href":"https:\/\/cyclades.e-samson.org\/index.php?rest_route=%2Fwp%2Fv2%2Fmedia&parent=1397"}],"wp:term":[{"taxonomy":"category","embeddable":true,"href":"https:\/\/cyclades.e-samson.org\/index.php?rest_route=%2Fwp%2Fv2%2Fcategories&post=1397"},{"taxonomy":"post_tag","embeddable":true,"href":"https:\/\/cyclades.e-samson.org\/index.php?rest_route=%2Fwp%2Fv2%2Ftags&post=1397"}],"curies":[{"name":"wp","href":"https:\/\/api.w.org\/{rel}","templated":true}]}}