{"id":1222,"date":"2020-10-02T22:42:23","date_gmt":"2020-10-02T20:42:23","guid":{"rendered":"https:\/\/cyclades.e-samson.org\/?p=1222"},"modified":"2023-02-16T15:37:59","modified_gmt":"2023-02-16T14:37:59","slug":"bien-rentres-par-anne-laure","status":"publish","type":"post","link":"https:\/\/cyclades.e-samson.org\/?p=1222","title":{"rendered":"Bien rentr\u00e9s ! Par Anne-Laure"},"content":{"rendered":"\n<p>J\u00e9r\u00f4me avait \u00e9crit <a href=\"https:\/\/cyclades.e-samson.org\/?p=32\" data-type=\"post\" data-id=\"32\">le premier article<\/a> de ce journal de bord alors j&#8217;ai l&#8217;honneur d&#8217;\u00e9crire le tout dernier. Et oui cette fois-ci c&#8217;est vraiment la fin, le retour. Nous avons retrouv\u00e9 le Luxembourg et la m\u00e9t\u00e9o d&#8217;aujourd&#8217;hui ne nous a laiss\u00e9 aucune illusion, il a plu du moment o\u00f9 l&#8217;avion est pass\u00e9 sous les nuages \u00e0 ce soir sans discontinuer, le ciel est charg\u00e9 et J\u00e9r\u00f4me a rallum\u00e9 le chauffage !! Nous sommes bien rentr\u00e9s \ud83d\ude42<\/p>\n\n\n\n<p>Nous vous avons quand m\u00eame fait quelques photos dans les a\u00e9roports.<\/p>\n\n\n\n<p>Lev\u00e9s \u00e0 5h00, le taxi \u00e9tait bien ponctuel (nous un peu moins) et nous avons quitt\u00e9 la marina Alimos \u00e0 5h45. Joachim n&#8217;a pas pu retenir ses larmes au moment de partir. C&#8217;est souvent lui le plus attach\u00e9 au bateau lui-m\u00eame, il parle encore de Ohanna, voilier de sa premi\u00e8re croisi\u00e8re il y a 3 ans maintenant ! Et puis il faut dire que nous -les grands- nous \u00e9tions plus dans le stress d&#8217;\u00eatre \u00e0 l&#8217;heure \u00e0 l&#8217;a\u00e9roport&#8230; et de ne rien oublier&#8230; ni personne !<\/p>\n\n\n\n<figure class=\"wp-block-image size-large\"><img loading=\"lazy\" decoding=\"async\" width=\"2560\" height=\"1920\" src=\"https:\/\/cyclades.e-samson.org\/wp-content\/uploads\/2020\/10\/img_1952-scaled.jpg\" alt=\"\" class=\"wp-image-1203\" srcset=\"https:\/\/cyclades.e-samson.org\/wp-content\/uploads\/2020\/10\/img_1952-scaled.jpg 2560w, https:\/\/cyclades.e-samson.org\/wp-content\/uploads\/2020\/10\/img_1952-300x225.jpg 300w\" sizes=\"auto, (max-width: 2560px) 100vw, 2560px\" \/><figcaption>Dans le van qui nous a amen\u00e9 \u00e0 l&#8217;a\u00e9roport. Coupe-vent, pantalon, chaussettes !<\/figcaption><\/figure>\n\n\n\n<p>Je dois avouer que l&#8217;agent d&#8217;enregistrement des bagages \u00e0 l&#8217;a\u00e9roport d&#8217;Ath\u00e8nes fut un peu plus compr\u00e9hensif et aidant que celui du d\u00e9part. Il nous a laiss\u00e9 enregistr\u00e9 le sac de plong\u00e9e de J\u00e9r\u00f4me qui d\u00e9passait de 6 kilos les 23 pour lesquels nous avions pay\u00e9 en nous parlant de &#8220;la prochaine fois&#8221; \ud83d\ude42 et ils ont transport\u00e9 gratuitement le si\u00e8ge auto d&#8217;Archibald (que nous avions accroch\u00e9 \u00e0 une valise \u00e0 l&#8217;aller). Merci Aegean !<\/p>\n\n\n\n<figure class=\"wp-block-image size-large\"><img loading=\"lazy\" decoding=\"async\" width=\"1024\" height=\"768\" src=\"https:\/\/cyclades.e-samson.org\/wp-content\/uploads\/2020\/10\/img_1960-1024x768.jpg\" alt=\"\" class=\"wp-image-1204\" srcset=\"https:\/\/cyclades.e-samson.org\/wp-content\/uploads\/2020\/10\/img_1960-1024x768.jpg 1024w, https:\/\/cyclades.e-samson.org\/wp-content\/uploads\/2020\/10\/img_1960-300x225.jpg 300w, https:\/\/cyclades.e-samson.org\/wp-content\/uploads\/2020\/10\/img_1960-768x576.jpg 768w, https:\/\/cyclades.e-samson.org\/wp-content\/uploads\/2020\/10\/img_1960-1536x1152.jpg 1536w, https:\/\/cyclades.e-samson.org\/wp-content\/uploads\/2020\/10\/img_1960-2048x1536.jpg 2048w\" sizes=\"auto, (max-width: 1024px) 100vw, 1024px\" \/><figcaption>1 gros sac, 1 grosse valise, 3 moyennes (dont 2 que nous avons pris en cabine), 1 lit parapluie, 2 sacs \u00e0 dos (dont 1 petit et 1 moyen), 1 si\u00e8ge auto et 1 sac de course. Pour 6, 1 mois.<\/figcaption><\/figure>\n\n\n\n<figure class=\"wp-block-image size-large\"><img loading=\"lazy\" decoding=\"async\" width=\"1024\" height=\"768\" src=\"https:\/\/cyclades.e-samson.org\/wp-content\/uploads\/2020\/10\/img_1954-1024x768.jpg\" alt=\"\" class=\"wp-image-1202\" srcset=\"https:\/\/cyclades.e-samson.org\/wp-content\/uploads\/2020\/10\/img_1954-1024x768.jpg 1024w, https:\/\/cyclades.e-samson.org\/wp-content\/uploads\/2020\/10\/img_1954-300x225.jpg 300w, https:\/\/cyclades.e-samson.org\/wp-content\/uploads\/2020\/10\/img_1954-768x576.jpg 768w, https:\/\/cyclades.e-samson.org\/wp-content\/uploads\/2020\/10\/img_1954-1536x1152.jpg 1536w, https:\/\/cyclades.e-samson.org\/wp-content\/uploads\/2020\/10\/img_1954-2048x1536.jpg 2048w\" sizes=\"auto, (max-width: 1024px) 100vw, 1024px\" \/><figcaption>Lever de soleil \u00e0 l&#8217;a\u00e9roport d&#8217;Ath\u00e8nes.<\/figcaption><\/figure>\n\n\n\n<figure class=\"wp-block-image size-large\"><img loading=\"lazy\" decoding=\"async\" width=\"768\" height=\"1024\" src=\"https:\/\/cyclades.e-samson.org\/wp-content\/uploads\/2020\/10\/img_1958-768x1024.jpg\" alt=\"\" class=\"wp-image-1201\" srcset=\"https:\/\/cyclades.e-samson.org\/wp-content\/uploads\/2020\/10\/img_1958-768x1024.jpg 768w, https:\/\/cyclades.e-samson.org\/wp-content\/uploads\/2020\/10\/img_1958-225x300.jpg 225w, https:\/\/cyclades.e-samson.org\/wp-content\/uploads\/2020\/10\/img_1958-1152x1536.jpg 1152w, https:\/\/cyclades.e-samson.org\/wp-content\/uploads\/2020\/10\/img_1958-1536x2048.jpg 1536w, https:\/\/cyclades.e-samson.org\/wp-content\/uploads\/2020\/10\/img_1958-scaled.jpg 1920w\" sizes=\"auto, (max-width: 768px) 100vw, 768px\" \/><figcaption>Vaoum !<\/figcaption><\/figure>\n\n\n\n<p>Le vol lui-m\u00eame fut sans aventures. Quelques turbulences au dessus des Alpes, (comme \u00e0 l&#8217;aller) et beaucoup d&#8217;enthousiasme de Cl\u00e9mentine au sujet des nuages. Les filles ont lu &#8211; on ne change pas une \u00e9quipe qui gagne, Joachim s&#8217;est fait racont\u00e9 une partie de l&#8217;enfance d&#8217;Alexandre le Grand &#8211; restons dans le th\u00e8me, et si Archibald a r\u00e9ussi \u00e0 dormir un peu au d\u00e9but du vol il a ensuite exprim\u00e9 bien fort son m\u00e9contentement de devoir rester assis et attach\u00e9. D\u00e9finitivement ce n&#8217;est pas le bon \u00e2ge pour les trajets en avion&#8230;<\/p>\n\n\n\n<p>L&#8217;arriv\u00e9e \u00e0 Luxembourg fut donc sous la pluie et avec quelques secousses li\u00e9es aux intemp\u00e9ries. N\u00e9anmoins nous sommes bien loin de la temp\u00eate Alex qui s\u00e9vit encore ce soir en Bretagne. Les bagages se sont faites un peu attendre &#8211; sauf le si\u00e8ge auto arriv\u00e9 de loin le premier (avec les poussettes).<\/p>\n\n\n\n<figure class=\"wp-block-image size-large\"><img loading=\"lazy\" decoding=\"async\" width=\"768\" height=\"1024\" src=\"https:\/\/cyclades.e-samson.org\/wp-content\/uploads\/2020\/10\/701617a7-82bb-42f9-bbdd-c2678c2c8e33-768x1024.jpg\" alt=\"\" class=\"wp-image-1219\" srcset=\"https:\/\/cyclades.e-samson.org\/wp-content\/uploads\/2020\/10\/701617a7-82bb-42f9-bbdd-c2678c2c8e33-768x1024.jpg 768w, https:\/\/cyclades.e-samson.org\/wp-content\/uploads\/2020\/10\/701617a7-82bb-42f9-bbdd-c2678c2c8e33-225x300.jpg 225w, https:\/\/cyclades.e-samson.org\/wp-content\/uploads\/2020\/10\/701617a7-82bb-42f9-bbdd-c2678c2c8e33-1152x1536.jpg 1152w, https:\/\/cyclades.e-samson.org\/wp-content\/uploads\/2020\/10\/701617a7-82bb-42f9-bbdd-c2678c2c8e33.jpg 1200w\" sizes=\"auto, (max-width: 768px) 100vw, 768px\" \/><figcaption>En attendant les bagages.<\/figcaption><\/figure>\n\n\n\n<p>J\u00e9r\u00f4me s&#8217;est soumis au test Covid, d\u00e9sign\u00e9 volontaire par le reste de la famille \ud83d\ude09 et sans surprise car nous n&#8217;avons pas pris de risque et port\u00e9 assiduemment nos masque il est n\u00e9gatif. Je projette par acquis de conscience de me faire tester avec le bon donn\u00e9 \u00e0 l&#8217;a\u00e9roport dans 6 jours.<\/p>\n\n\n\n<figure class=\"wp-block-image size-large\"><img loading=\"lazy\" decoding=\"async\" width=\"1024\" height=\"768\" src=\"https:\/\/cyclades.e-samson.org\/wp-content\/uploads\/2020\/10\/17290dc2-8653-4812-a353-75032a8db9c2-1024x768.jpg\" alt=\"\" class=\"wp-image-1220\" srcset=\"https:\/\/cyclades.e-samson.org\/wp-content\/uploads\/2020\/10\/17290dc2-8653-4812-a353-75032a8db9c2-1024x768.jpg 1024w, https:\/\/cyclades.e-samson.org\/wp-content\/uploads\/2020\/10\/17290dc2-8653-4812-a353-75032a8db9c2-300x225.jpg 300w, https:\/\/cyclades.e-samson.org\/wp-content\/uploads\/2020\/10\/17290dc2-8653-4812-a353-75032a8db9c2-768x576.jpg 768w, https:\/\/cyclades.e-samson.org\/wp-content\/uploads\/2020\/10\/17290dc2-8653-4812-a353-75032a8db9c2-1536x1152.jpg 1536w, https:\/\/cyclades.e-samson.org\/wp-content\/uploads\/2020\/10\/17290dc2-8653-4812-a353-75032a8db9c2.jpg 1600w\" sizes=\"auto, (max-width: 1024px) 100vw, 1024px\" \/><figcaption>Le stand &#8220;test Covid&#8221; \u00e0 l&#8217;a\u00e9roport de Luxembourg. Bas\u00e9 sur le volontariat. A Ath\u00e8nes c&#8217;est obligatoire quand le syst\u00e8me vous d\u00e9signe.<\/figcaption><\/figure>\n\n\n\n<p>Dans le taxi retour les enfants \u00e9taient tous contents de retrouver leurs rep\u00e8res. Ils en viendraient presque \u00e0 aimer la pluie \ud83d\ude00 Et une fois entr\u00e9e dans la maison ils se sont plong\u00e9s dans leur courrier. Vive les abonnements Bayard Presse mais aussi Le Petit Leonard et Olli und Molli. Bien vite ils ont retrouv\u00e9s leurs jouets. Grosse partie de Lego et figurine Schleich cet apr\u00e8s midi. Nous aurions bien fait la sieste mais Archibald en avait d\u00e9cid\u00e9 autrement.<\/p>\n\n\n\n<p>Derniers pr\u00e9paratifs en cours pour la rentr\u00e9e des filles de lundi. Ce soir personne n&#8217;a demand\u00e9 son reste. Demain courses. <\/p>\n\n\n\n<p>A signaler aussi demain la parution de notre article &#8220;Bilan de 4 semaines de voyage en voilier&#8221;. Stay tuned for the next \u00e9pisode !<\/p>\n","protected":false},"excerpt":{"rendered":"<p>J\u00e9r\u00f4me avait \u00e9crit le premier article de ce journal de bord alors j&#8217;ai l&#8217;honneur d&#8217;\u00e9crire le tout dernier. Et oui cette fois-ci c&#8217;est vraiment la fin, le retour. Nous avons retrouv\u00e9 le Luxembourg et la &hellip; <\/p>\n","protected":false},"author":1,"featured_media":1201,"comment_status":"open","ping_status":"open","sticky":false,"template":"","format":"standard","meta":{"_s2mail":"yes","_jetpack_memberships_contains_paid_content":false,"footnotes":"","jetpack_publicize_message":"","jetpack_publicize_feature_enabled":true,"jetpack_social_post_already_shared":false,"jetpack_social_options":{"image_generator_settings":{"template":"highway","default_image_id":0,"font":"","enabled":false},"version":2}},"categories":[38,1],"tags":[14,4],"class_list":["post-1222","post","type-post","status-publish","format-standard","has-post-thumbnail","hentry","category-2020-cyclades-en-voilier","category-voyages","tag-anne-laure","tag-journal-de-bord"],"geo":null,"jetpack_publicize_connections":[],"jetpack_featured_media_url":"https:\/\/cyclades.e-samson.org\/wp-content\/uploads\/2020\/10\/img_1958-scaled.jpg","jetpack_sharing_enabled":true,"_links":{"self":[{"href":"https:\/\/cyclades.e-samson.org\/index.php?rest_route=\/wp\/v2\/posts\/1222","targetHints":{"allow":["GET"]}}],"collection":[{"href":"https:\/\/cyclades.e-samson.org\/index.php?rest_route=\/wp\/v2\/posts"}],"about":[{"href":"https:\/\/cyclades.e-samson.org\/index.php?rest_route=\/wp\/v2\/types\/post"}],"author":[{"embeddable":true,"href":"https:\/\/cyclades.e-samson.org\/index.php?rest_route=\/wp\/v2\/users\/1"}],"replies":[{"embeddable":true,"href":"https:\/\/cyclades.e-samson.org\/index.php?rest_route=%2Fwp%2Fv2%2Fcomments&post=1222"}],"version-history":[{"count":2,"href":"https:\/\/cyclades.e-samson.org\/index.php?rest_route=\/wp\/v2\/posts\/1222\/revisions"}],"predecessor-version":[{"id":1224,"href":"https:\/\/cyclades.e-samson.org\/index.php?rest_route=\/wp\/v2\/posts\/1222\/revisions\/1224"}],"wp:featuredmedia":[{"embeddable":true,"href":"https:\/\/cyclades.e-samson.org\/index.php?rest_route=\/wp\/v2\/media\/1201"}],"wp:attachment":[{"href":"https:\/\/cyclades.e-samson.org\/index.php?rest_route=%2Fwp%2Fv2%2Fmedia&parent=1222"}],"wp:term":[{"taxonomy":"category","embeddable":true,"href":"https:\/\/cyclades.e-samson.org\/index.php?rest_route=%2Fwp%2Fv2%2Fcategories&post=1222"},{"taxonomy":"post_tag","embeddable":true,"href":"https:\/\/cyclades.e-samson.org\/index.php?rest_route=%2Fwp%2Fv2%2Ftags&post=1222"}],"curies":[{"name":"wp","href":"https:\/\/api.w.org\/{rel}","templated":true}]}}