{"id":120,"date":"2020-09-09T01:22:08","date_gmt":"2020-09-08T23:22:08","guid":{"rendered":"http:\/\/cyclades.e-samson.org\/?p=120"},"modified":"2023-02-16T16:31:13","modified_gmt":"2023-02-16T15:31:13","slug":"jour-4-un-equipage-formidable-par-jerome","status":"publish","type":"post","link":"https:\/\/cyclades.e-samson.org\/?p=120","title":{"rendered":"Jour 4 &#8211; Un \u00e9quipage formidable, par J\u00e9r\u00f4me"},"content":{"rendered":"\n<p>Comme le dit la l\u00e9gende familiale, j&#8217;ai eu la chance de faire ma premi\u00e8re croisi\u00e8re \u00e0 &#8220;moins 3 mois&#8221;, et je crois que j&#8217;ai attrap\u00e9 le virus \u00e0 cette occasion. Nous avons essay\u00e9 de transmettre ce go\u00fbt pour la mer \u00e0 nos 4 enfants avec plus ou moins le m\u00eame traitement ! Toujours est-il que jusqu&#8217;\u00e0 pr\u00e9sent, aucun des 4 n&#8217;a l&#8217;air d&#8217;\u00eatre d\u00e9go\u00fbt\u00e9 de la croisi\u00e8re. <\/p>\n\n\n\n<p>Mais il est tout de m\u00eame clair que l&#8217;une de nos principales pr\u00e9occupations est d&#8217;adapter le programme de navigation pour justement \u00e9viter de les d\u00e9go\u00fbter, voire m\u00eame pour leur donner le go\u00fbt de ce loisir assez particulier &#8211; o\u00f9 il arrive effectivement qu&#8217;on se demande parfois ce qu&#8217;on est vraiment venu chercher l\u00e0 !<\/p>\n\n\n\n<p>Les premiers jours d&#8217;une croisi\u00e8re avec nos jeunes enfants sont toujours un peu particuliers, avec un temps d&#8217;adaptation. Et c&#8217;est particuli\u00e8rement vrai pour cette croisi\u00e8re en Gr\u00e8ce, \u00e9tant donn\u00e9 qu&#8217;aucun de nous n&#8217;est arriv\u00e9 avec beaucoup de rep\u00e8res sur lesquels s&#8217;appuyer, et avec un grand nombre de difficult\u00e9s :<\/p>\n\n\n\n<ul class=\"wp-block-list\"><li>un programme ambitieux tant sur le plan navigation que sur le plan de l&#8217;aventure g\u00e9ographique <\/li><li>un bassin de navigation inconnu pour moi, dont beaucoup de monde nous a dit qu&#8217;il s&#8217;agissait de l&#8217;\u00e9quivalent d&#8217;une &#8220;piste noire&#8221; <\/li><li>la M\u00e9diterrann\u00e9e, qui reste pour moi une quasi inconnue, avec son lot d&#8217;incertitudes notamment sur la m\u00e9t\u00e9o<\/li><li>une dur\u00e9e exceptionnelle &#8211; il va falloir g\u00e9rer la fatigue et la possible lassitude de chacun.<\/li><\/ul>\n\n\n\n<p>Mais je dois dire que nous sommes quand m\u00eame arriv\u00e9s avec beaucoup d&#8217;atouts dans notre besace pour r\u00e9ussir ce projet &#8211; au nombre de six : notre \u00e9quipage. Toujours beaucoup de sourires, de bonne humeur, et plein d&#8217;enthousiasme !<\/p>\n\n\n\n<p>Pour revenir \u00e0 ce Jour 4, il me donne l&#8217;occasion de d\u00e9montrer cela :<\/p>\n\n\n\n<ul class=\"wp-block-list\"><li>r\u00e9veil \u00e0 l&#8217;aube ou presque et premier bain de mer pour les 3 grands, \u00e0 la poupe du bateau dans l&#8217;eau cristalline de la crique de Kolona : le p&#8217;tit d\u00e9j a \u00e9t\u00e9 rapidement aval\u00e9 et rang\u00e9. &#8220;Pas de baignade tant que vous n&#8217;avez pas fini vos c\u00e9r\u00e9ales et rang\u00e9 la table&#8221;, \u00e7a marche toujours !<\/li><\/ul>\n\n\n\n<figure class=\"wp-block-image size-large\"><img loading=\"lazy\" decoding=\"async\" width=\"626\" height=\"834\" src=\"http:\/\/cyclades.e-samson.org\/wp-content\/uploads\/2020\/09\/IMG_0305.jpg\" alt=\"\" class=\"wp-image-129\" srcset=\"https:\/\/cyclades.e-samson.org\/wp-content\/uploads\/2020\/09\/IMG_0305.jpg 626w, https:\/\/cyclades.e-samson.org\/wp-content\/uploads\/2020\/09\/IMG_0305-225x300.jpg 225w\" sizes=\"auto, (max-width: 626px) 100vw, 626px\" \/><\/figure>\n\n\n\n<figure class=\"wp-block-image size-large\"><img loading=\"lazy\" decoding=\"async\" width=\"1024\" height=\"768\" src=\"http:\/\/cyclades.e-samson.org\/wp-content\/uploads\/2020\/09\/61cfec6a-ede9-4053-84a7-ecc251bd6e97-1024x768.jpg\" alt=\"\" class=\"wp-image-126\" srcset=\"https:\/\/cyclades.e-samson.org\/wp-content\/uploads\/2020\/09\/61cfec6a-ede9-4053-84a7-ecc251bd6e97-1024x768.jpg 1024w, https:\/\/cyclades.e-samson.org\/wp-content\/uploads\/2020\/09\/61cfec6a-ede9-4053-84a7-ecc251bd6e97-300x225.jpg 300w, https:\/\/cyclades.e-samson.org\/wp-content\/uploads\/2020\/09\/61cfec6a-ede9-4053-84a7-ecc251bd6e97-768x576.jpg 768w, https:\/\/cyclades.e-samson.org\/wp-content\/uploads\/2020\/09\/61cfec6a-ede9-4053-84a7-ecc251bd6e97.jpg 1112w\" sizes=\"auto, (max-width: 1024px) 100vw, 1024px\" \/><\/figure>\n\n\n\n<ul class=\"wp-block-list\"><li>2 heures et demi de nav pour faire le tour par le nord de Kythnos, dans une bonne brise et avec un mer &#8220;agit\u00e9e \u00e0 forte&#8221; comme dirait la m\u00e9t\u00e9o . Joachim et Eloise dans le cockpit progressent largement dans leur tol\u00e9rance aux mouvements assez importants du bateau; Archibald qui finit sa nuit puis joue aux Duplo dans son lit parapluie nous rejoint sur le pont pour la fin (dans son si\u00e8ge auto, avec son gilet, comme ses fr\u00e8res et soeurs avant lui), et Cl\u00e9mentine qui a lu dans sa cabine une grande partie de la matin\u00e9e, et nous a affirm\u00e9 qu&#8217;elle avait ador\u00e9 cette navigation !<\/li><\/ul>\n\n\n\n<figure class=\"wp-block-image size-large\"><img loading=\"lazy\" decoding=\"async\" width=\"1024\" height=\"768\" src=\"http:\/\/cyclades.e-samson.org\/wp-content\/uploads\/2020\/09\/IMG_0310-1024x768.jpg\" alt=\"\" class=\"wp-image-128\" srcset=\"https:\/\/cyclades.e-samson.org\/wp-content\/uploads\/2020\/09\/IMG_0310-1024x768.jpg 1024w, https:\/\/cyclades.e-samson.org\/wp-content\/uploads\/2020\/09\/IMG_0310-300x225.jpg 300w, https:\/\/cyclades.e-samson.org\/wp-content\/uploads\/2020\/09\/IMG_0310-768x576.jpg 768w, https:\/\/cyclades.e-samson.org\/wp-content\/uploads\/2020\/09\/IMG_0310.jpg 1112w\" sizes=\"auto, (max-width: 1024px) 100vw, 1024px\" \/><figcaption>On abat juste apr\u00e8s le passage de la pointe Nord de Kythnos<\/figcaption><\/figure>\n\n\n\n<figure class=\"wp-block-image size-large\"><img loading=\"lazy\" decoding=\"async\" width=\"626\" height=\"834\" src=\"http:\/\/cyclades.e-samson.org\/wp-content\/uploads\/2020\/09\/e5f87658-69d7-4dde-8dff-3a5dc9830263.jpg\" alt=\"\" class=\"wp-image-130\" srcset=\"https:\/\/cyclades.e-samson.org\/wp-content\/uploads\/2020\/09\/e5f87658-69d7-4dde-8dff-3a5dc9830263.jpg 626w, https:\/\/cyclades.e-samson.org\/wp-content\/uploads\/2020\/09\/e5f87658-69d7-4dde-8dff-3a5dc9830263-225x300.jpg 225w\" sizes=\"auto, (max-width: 626px) 100vw, 626px\" \/><figcaption>Toujours avec le sourire !!<\/figcaption><\/figure>\n\n\n\n<ul class=\"wp-block-list\"><li>une arriv\u00e9e impressionnante \u00e0 Loutra, minuscule port sur la c\u00f4te est de Kythnos. Le pilote c\u00f4tier affirmait que l&#8217;entr\u00e9e ne se r\u00e9v\u00e8le que lorsqu&#8217;on est dedans, et \u00e7a ne s&#8217;est pas d\u00e9menti. Anne-Laure, qui passe d\u00e9j\u00e0 une \u00e9nergie incroyable \u00e0 veiller sur nos 4 loustics jour et nuit, \u00e0 les occuper et \u00e0 g\u00e9rer tout le reste, passe en une seconde en mode \u00e9quipier de choc pour aller jeter l&#8217;ancre. C&#8217;est notre premi\u00e8re manoeuvre d&#8217;accostage &#8220;mouillage dans le port et amarrage poupe \u00e0 quai&#8221; qui est para\u00eet-il typique des petits ports des Cyclades &#8211; mais aujourd&#8217;hui avec 20 noeuds de vent de travers. Ouf, \u00e7a s&#8217;est finalement tr\u00e8s bien pass\u00e9 (et du premier coup). En voyant ensuite, plusieurs autres voiliers -avec des \u00e9quipages ne comptant pas deux tiers d&#8217;enfants de moins de 10 ans- devoir s&#8217;y reprendre \u00e0 plusieurs fois (dont un qui a finit par prendre \u00e0 bord le &#8220;harbourmaster&#8221; pour les aider), on se r\u00e9jouit d&#8217;autant plus de notre r\u00e9ussite.<\/li><\/ul>\n\n\n\n<figure class=\"wp-block-image size-large\"><img loading=\"lazy\" decoding=\"async\" width=\"1024\" height=\"768\" src=\"http:\/\/cyclades.e-samson.org\/wp-content\/uploads\/2020\/09\/IMG_0359-1024x768.jpg\" alt=\"\" class=\"wp-image-127\" srcset=\"https:\/\/cyclades.e-samson.org\/wp-content\/uploads\/2020\/09\/IMG_0359-1024x768.jpg 1024w, https:\/\/cyclades.e-samson.org\/wp-content\/uploads\/2020\/09\/IMG_0359-300x225.jpg 300w, https:\/\/cyclades.e-samson.org\/wp-content\/uploads\/2020\/09\/IMG_0359-768x576.jpg 768w, https:\/\/cyclades.e-samson.org\/wp-content\/uploads\/2020\/09\/IMG_0359.jpg 1112w\" sizes=\"auto, (max-width: 1024px) 100vw, 1024px\" \/><figcaption>Concentration dans la passe &#8211; pas large du tout !<\/figcaption><\/figure>\n\n\n\n<ul class=\"wp-block-list\"><li>La journ\u00e9e se poursuit avec le remplissage des livres de bord des enfants et des activit\u00e9s autour de l&#8217;invention de l&#8217;\u00e9criture, des premi\u00e8res cit\u00e9s et civilisations, et du r\u00f4le particulier d&#8217;Ath\u00e8nes, l&#8217;une des premi\u00e8res d\u00e9mocraties.<\/li><\/ul>\n\n\n\n<figure class=\"wp-block-image size-large\"><img loading=\"lazy\" decoding=\"async\" width=\"626\" height=\"834\" src=\"http:\/\/cyclades.e-samson.org\/wp-content\/uploads\/2020\/09\/88be32fe-b6e9-438f-8e9c-7beaa39919e9.jpg\" alt=\"\" class=\"wp-image-131\" srcset=\"https:\/\/cyclades.e-samson.org\/wp-content\/uploads\/2020\/09\/88be32fe-b6e9-438f-8e9c-7beaa39919e9.jpg 626w, https:\/\/cyclades.e-samson.org\/wp-content\/uploads\/2020\/09\/88be32fe-b6e9-438f-8e9c-7beaa39919e9-225x300.jpg 225w\" sizes=\"auto, (max-width: 626px) 100vw, 626px\" \/><figcaption>Studieux dans le carr\u00e9 !<\/figcaption><\/figure>\n\n\n\n<ul class=\"wp-block-list\"><li>On termine par une rapide s\u00e9ance de plage, avec une eau r\u00e9chauff\u00e9e par une source thermale, et une courte exploration du village de Loutra, avant un d\u00eener au bateau, compl\u00e9t\u00e9 par une sortie  gaufres\/glaces, \u00f4 combien attendue par Elo\u00efse et Joachim notamment, mais aussi plus discr\u00e8tement par Anne-Laure et moi. Le glacier accueillant a m\u00eame sorti pour nous un bac de sorbet \u00e0 l&#8217;orange qu&#8217;il estimait trop rat\u00e9 pour \u00eatre vendu au milieu de ses glaces italiennes maison !<\/li><\/ul>\n\n\n\n<figure class=\"wp-block-image size-large\"><img loading=\"lazy\" decoding=\"async\" width=\"1024\" height=\"298\" src=\"http:\/\/cyclades.e-samson.org\/wp-content\/uploads\/2020\/09\/IMG_0364-1024x298.jpg\" alt=\"\" class=\"wp-image-123\" srcset=\"https:\/\/cyclades.e-samson.org\/wp-content\/uploads\/2020\/09\/IMG_0364-1024x298.jpg 1024w, https:\/\/cyclades.e-samson.org\/wp-content\/uploads\/2020\/09\/IMG_0364-300x87.jpg 300w, https:\/\/cyclades.e-samson.org\/wp-content\/uploads\/2020\/09\/IMG_0364-768x224.jpg 768w, https:\/\/cyclades.e-samson.org\/wp-content\/uploads\/2020\/09\/IMG_0364.jpg 1367w\" sizes=\"auto, (max-width: 1024px) 100vw, 1024px\" \/><figcaption>La plage et sa source thermale !<\/figcaption><\/figure>\n\n\n\n<figure class=\"wp-block-image size-large\"><img decoding=\"async\" src=\"http:\/\/cyclades.e-samson.org\/wp-content\/uploads\/2020\/09\/IMG_0370.jpg\" alt=\"\" class=\"wp-image-124\"\/><figcaption>Bougainvillier<\/figcaption><\/figure>\n\n\n\n<figure class=\"wp-block-image size-large\"><img loading=\"lazy\" decoding=\"async\" width=\"1024\" height=\"367\" src=\"http:\/\/cyclades.e-samson.org\/wp-content\/uploads\/2020\/09\/IMG_0368-1024x367.jpg\" alt=\"\" class=\"wp-image-125\" srcset=\"https:\/\/cyclades.e-samson.org\/wp-content\/uploads\/2020\/09\/IMG_0368-1024x367.jpg 1024w, https:\/\/cyclades.e-samson.org\/wp-content\/uploads\/2020\/09\/IMG_0368-300x108.jpg 300w, https:\/\/cyclades.e-samson.org\/wp-content\/uploads\/2020\/09\/IMG_0368-768x275.jpg 768w, https:\/\/cyclades.e-samson.org\/wp-content\/uploads\/2020\/09\/IMG_0368.jpg 1367w\" sizes=\"auto, (max-width: 1024px) 100vw, 1024px\" \/><figcaption>Vue sur le port depuis le village<\/figcaption><\/figure>\n\n\n\n<ul class=\"wp-block-list\"><li>Bref, une journ\u00e9e bien remplie, avec notre \u00e9quipage formidable !<\/li><\/ul>\n\n\n\n<p><\/p>\n","protected":false},"excerpt":{"rendered":"<p>Comme le dit la l\u00e9gende familiale, j&#8217;ai eu la chance de faire ma premi\u00e8re croisi\u00e8re \u00e0 &#8220;moins 3 mois&#8221;, et je crois que j&#8217;ai attrap\u00e9 le virus \u00e0 cette occasion. Nous avons essay\u00e9 de transmettre &hellip; <\/p>\n","protected":false},"author":1,"featured_media":132,"comment_status":"open","ping_status":"open","sticky":false,"template":"","format":"standard","meta":{"_s2mail":"yes","_jetpack_memberships_contains_paid_content":false,"footnotes":"","jetpack_publicize_message":"","jetpack_publicize_feature_enabled":true,"jetpack_social_post_already_shared":false,"jetpack_social_options":{"image_generator_settings":{"template":"highway","default_image_id":0,"font":"","enabled":false},"version":2}},"categories":[38,1],"tags":[7,4],"class_list":["post-120","post","type-post","status-publish","format-standard","has-post-thumbnail","hentry","category-2020-cyclades-en-voilier","category-voyages","tag-jerome","tag-journal-de-bord"],"geo":{"latitude":37.4425316,"longitude":24.4264011,"description":"\u039b\u03bf\u03c5\u03c4\u03c1\u03ac, Kithnos 840 06, Gr\u00e8ce"},"jetpack_publicize_connections":[],"jetpack_featured_media_url":"https:\/\/cyclades.e-samson.org\/wp-content\/uploads\/2020\/09\/IMG_0300.jpg","jetpack_sharing_enabled":true,"_links":{"self":[{"href":"https:\/\/cyclades.e-samson.org\/index.php?rest_route=\/wp\/v2\/posts\/120","targetHints":{"allow":["GET"]}}],"collection":[{"href":"https:\/\/cyclades.e-samson.org\/index.php?rest_route=\/wp\/v2\/posts"}],"about":[{"href":"https:\/\/cyclades.e-samson.org\/index.php?rest_route=\/wp\/v2\/types\/post"}],"author":[{"embeddable":true,"href":"https:\/\/cyclades.e-samson.org\/index.php?rest_route=\/wp\/v2\/users\/1"}],"replies":[{"embeddable":true,"href":"https:\/\/cyclades.e-samson.org\/index.php?rest_route=%2Fwp%2Fv2%2Fcomments&post=120"}],"version-history":[{"count":7,"href":"https:\/\/cyclades.e-samson.org\/index.php?rest_route=\/wp\/v2\/posts\/120\/revisions"}],"predecessor-version":[{"id":137,"href":"https:\/\/cyclades.e-samson.org\/index.php?rest_route=\/wp\/v2\/posts\/120\/revisions\/137"}],"wp:featuredmedia":[{"embeddable":true,"href":"https:\/\/cyclades.e-samson.org\/index.php?rest_route=\/wp\/v2\/media\/132"}],"wp:attachment":[{"href":"https:\/\/cyclades.e-samson.org\/index.php?rest_route=%2Fwp%2Fv2%2Fmedia&parent=120"}],"wp:term":[{"taxonomy":"category","embeddable":true,"href":"https:\/\/cyclades.e-samson.org\/index.php?rest_route=%2Fwp%2Fv2%2Fcategories&post=120"},{"taxonomy":"post_tag","embeddable":true,"href":"https:\/\/cyclades.e-samson.org\/index.php?rest_route=%2Fwp%2Fv2%2Ftags&post=120"}],"curies":[{"name":"wp","href":"https:\/\/api.w.org\/{rel}","templated":true}]}}